{"id":177904,"date":"2026-03-05T17:20:00","date_gmt":"2026-03-05T15:20:00","guid":{"rendered":"https:\/\/jerusalem-online.co.il\/?p=177904"},"modified":"2026-03-04T17:05:33","modified_gmt":"2026-03-04T15:05:33","slug":"libere-de-prison-qui-a-lance-des-bombes-incendiaires-dans-le-quartier-yemenite-de-jerusalem","status":"publish","type":"post","link":"https:\/\/jerusalem-online.co.il\/fr\/libere-de-prison-qui-a-lance-des-bombes-incendiaires-dans-le-quartier-yemenite-de-jerusalem\/","title":{"rendered":"Lib\u00e9r\u00e9 de prison &#8211; qui a lanc\u00e9 des bombes incendiaires dans le quartier y\u00e9m\u00e9nite de J\u00e9rusalem ?"},"content":{"rendered":"\n<p>Mohammad Abdallah Abu Nab, \u00e2g\u00e9 d\u2019environ 24 ans et r\u00e9sident de Silwan \u00e0 J\u00e9rusalem, a \u00e9t\u00e9 lib\u00e9r\u00e9 hier, mercredi, de la prison de Ketziot apr\u00e8s avoir purg\u00e9 une peine de quatre ans pour des infractions li\u00e9es \u00e0 la s\u00e9curit\u00e9. Celles-ci concernaient principalement des attaques contre des r\u00e9sidents juifs du quartier de Batan al-Hawa et contre les forces de s\u00e9curit\u00e9 op\u00e9rant dans la zone. Enfant, Abu Nab a v\u00e9cu l\u2019expulsion de sa famille de la maison o\u00f9 elle habitait dans ce quartier.<\/p>\n\n\n\n<p>Abu Nab a \u00e9t\u00e9 arr\u00eat\u00e9 en 2022 et traduit en justice, avec d\u2019autres personnes, devant le tribunal de district de J\u00e9rusalem pour une s\u00e9rie d\u2019infractions li\u00e9es \u00e0 la s\u00e9curit\u00e9, notamment la fabrication de bombes incendiaires et leur lancement contre des maisons de r\u00e9sidents juifs dans le quartier de Batan al-Hawa \u00e0 Silwan, ainsi que contre les forces de s\u00e9curit\u00e9 qui s\u00e9curisaient les lieux. Il a \u00e9galement \u00e9t\u00e9 accus\u00e9 d\u2019avoir particip\u00e9 \u00e0 de nombreuses \u00e9meutes au cours desquelles des lanceurs de feux d\u2019artifice ont \u00e9t\u00e9 utilis\u00e9s comme armes, tir\u00e9s directement contre des policiers et des agents de la police des fronti\u00e8res. Ces actes ont \u00e9t\u00e9 commis dans le cadre de son appartenance \u00e0 une cellule locale qui agissait de mani\u00e8re constante contre la pr\u00e9sence juive dans le quartier.<\/p>\n\n\n\n<h3 class=\"wp-block-heading\">Quelle est l\u2019origine du conflit juridique autour des terres du fonds Benvenisti \u00e0 Silwan ?<\/h3>\n\n\n\n<p>Mohammad Abu Nab appartient \u00e0 la famille Abu Nab, qui vivait dans des maisons faisant partie du \u00ab quartier y\u00e9m\u00e9nite \u00bb de Silwan, dont la propri\u00e9t\u00e9 fait l\u2019objet de batailles juridiques depuis plus de vingt ans. Les terres de la zone de Batan al-Hawa ont \u00e9t\u00e9 achet\u00e9es \u00e0 la fin du XIXe si\u00e8cle (1881) pour des Juifs originaires du Y\u00e9men et sont devenues connues sous le nom de \u00ab fonds Benvenisti \u00bb. Apr\u00e8s la guerre de 1948, la zone est pass\u00e9e sous le contr\u00f4le du royaume de Jordanie, qui a permis aux Palestiniens de construire des maisons sur les terres du fonds et d\u2019y vivre. Apr\u00e8s la guerre des Six Jours, l\u2019int\u00e9r\u00eat juif pour le site a repris. En 2001, des administrateurs li\u00e9s \u00e0 l\u2019organisation \u00ab Ateret Cohanim \u00bb ont \u00e9t\u00e9 nomm\u00e9s par le tribunal rabbinique pour g\u00e9rer le fonds.<\/p>\n\n\n\n<p>Par la suite, le tuteur g\u00e9n\u00e9ral isra\u00e9lien a transf\u00e9r\u00e9 les terres aux administrateurs du fonds, ce qui a permis \u00e0 l\u2019organisation de d\u00e9poser des demandes d\u2019expulsion contre les r\u00e9sidents palestiniens qui vivaient sur place depuis des d\u00e9cennies, y compris la famille d\u2019Abdallah Abu Nab, le p\u00e8re de Mohammad, qui \u00e9tait encore enfant \u00e0 cette \u00e9poque.<\/p>\n\n\n\n<p>Apr\u00e8s une longue bataille judiciaire, le tribunal a reconnu la propri\u00e9t\u00e9 du fonds sur le b\u00e2timent dans lequel vivait la famille d\u2019Abdallah Abu Nab. Le b\u00e2timent avait auparavant servi de synagogue du \u00ab quartier y\u00e9m\u00e9nite \u00bb. En octobre 2015, la police a expuls\u00e9 les 11 membres de la famille Abu Nab de la propri\u00e9t\u00e9, et des membres d\u2019Ateret Cohanim sont entr\u00e9s dans le b\u00e2timent et y ont r\u00e9tabli une synagogue.<\/p>\n\n\n\n<p>C\u2019est dans ce contexte que Mohammad Abu Nab a commis les infractions li\u00e9es \u00e0 la s\u00e9curit\u00e9. En 2024, alors qu\u2019il purgeait sa peine, d\u2019autres unit\u00e9s d\u2019habitation occup\u00e9es par la famille dans la partie arri\u00e8re de la propri\u00e9t\u00e9 originale ont \u00e9t\u00e9 \u00e9vacu\u00e9es. L\u2019\u00e9vacuation de la famille Abu Nab des terres du \u00ab fonds Benvenisti \u00bb a ainsi \u00e9t\u00e9 achev\u00e9e, m\u00eame si des proc\u00e9dures judiciaires sont toujours en cours concernant l\u2019expulsion d\u2019environ 80 autres familles dans le complexe.<\/p>\n","protected":false},"excerpt":{"rendered":"<p>Mohammad Abdallah Abu Nab, \u00e2g\u00e9 d\u2019environ 24 ans et r\u00e9sident de Silwan \u00e0 J\u00e9rusalem, a \u00e9t\u00e9 lib\u00e9r\u00e9 hier, mercredi, de la prison de Ketziot apr\u00e8s avoir purg\u00e9 une peine de quatre ans pour des infractions li\u00e9es \u00e0 la s\u00e9curit\u00e9. Celles-ci concernaient principalement des attaques contre des r\u00e9sidents juifs du quartier de Batan al-Hawa et contre [&hellip;]<\/p>\n","protected":false},"author":24,"featured_media":177902,"comment_status":"closed","ping_status":"closed","sticky":false,"template":"","format":"standard","meta":{"_acf_changed":false,"_seopress_robots_primary_cat":"10634","_seopress_titles_title":"Lib\u00e9r\u00e9 de prison - qui a lanc\u00e9 des bombes incendiaires dans le quartier y\u00e9m\u00e9nite de J\u00e9rusalem ?","_seopress_titles_desc":"Mohammad Abdallah Abu Nab, de Silwan \u00e0 J\u00e9rusalem, a \u00e9t\u00e9 lib\u00e9r\u00e9 apr\u00e8s quatre ans de prison dans le contexte du conflit autour des terres du \u00ab fonds Benvenisti \u00bb","_seopress_robots_index":"","footnotes":""},"categories":[10634,10630,10642],"tags":[],"class_list":{"0":"post-177904","1":"post","2":"type-post","3":"status-publish","4":"format-standard","5":"has-post-thumbnail","7":"category-actualites-de-jerusalem","8":"category-article-principal","9":"category-breves"},"acf":{"subtitle":"Mohammad Abdallah Abu Nab, de Silwan \u00e0 J\u00e9rusalem, a \u00e9t\u00e9 lib\u00e9r\u00e9 apr\u00e8s quatre ans de prison dans le contexte du conflit autour des terres du \u00ab fonds Benvenisti \u00bb"},"_links":{"self":[{"href":"https:\/\/jerusalem-online.co.il\/fr\/wp-json\/wp\/v2\/posts\/177904","targetHints":{"allow":["GET"]}}],"collection":[{"href":"https:\/\/jerusalem-online.co.il\/fr\/wp-json\/wp\/v2\/posts"}],"about":[{"href":"https:\/\/jerusalem-online.co.il\/fr\/wp-json\/wp\/v2\/types\/post"}],"author":[{"embeddable":true,"href":"https:\/\/jerusalem-online.co.il\/fr\/wp-json\/wp\/v2\/users\/24"}],"replies":[{"embeddable":true,"href":"https:\/\/jerusalem-online.co.il\/fr\/wp-json\/wp\/v2\/comments?post=177904"}],"version-history":[{"count":0,"href":"https:\/\/jerusalem-online.co.il\/fr\/wp-json\/wp\/v2\/posts\/177904\/revisions"}],"wp:featuredmedia":[{"embeddable":true,"href":"https:\/\/jerusalem-online.co.il\/fr\/wp-json\/wp\/v2\/media\/177902"}],"wp:attachment":[{"href":"https:\/\/jerusalem-online.co.il\/fr\/wp-json\/wp\/v2\/media?parent=177904"}],"wp:term":[{"taxonomy":"category","embeddable":true,"href":"https:\/\/jerusalem-online.co.il\/fr\/wp-json\/wp\/v2\/categories?post=177904"},{"taxonomy":"post_tag","embeddable":true,"href":"https:\/\/jerusalem-online.co.il\/fr\/wp-json\/wp\/v2\/tags?post=177904"}],"curies":[{"name":"wp","href":"https:\/\/api.w.org\/{rel}","templated":true}]}}