{"id":178008,"date":"2026-03-07T16:01:00","date_gmt":"2026-03-07T14:01:00","guid":{"rendered":"https:\/\/jerusalem-online.co.il\/?p=178008"},"modified":"2026-03-06T16:48:55","modified_gmt":"2026-03-06T14:48:55","slug":"mosquee-al-aqsa-fermee-alors-la-priere-pres-de-la-porte-de-damas","status":"publish","type":"post","link":"https:\/\/jerusalem-online.co.il\/fr\/mosquee-al-aqsa-fermee-alors-la-priere-pres-de-la-porte-de-damas\/","title":{"rendered":"Mosqu\u00e9e Al Aqsa ferm\u00e9e? Alors la pri\u00e8re pr\u00e8s de la porte de Damas"},"content":{"rendered":"\n<p>Dans le contexte de l\u2019op\u00e9ration \u00ab Rugissement du Lion \u00bb et de l\u2019interdiction de rassemblement et d\u2019acc\u00e8s aux lieux saints \u00e0 J\u00e9rusalem, des centaines de Palestiniens ont tenu hier la pri\u00e8re du vendredi \u00e0 midi pr\u00e8s de la place de la porte de Damas. Des policiers du district de J\u00e9rusalem pr\u00e9sents sur place ont veill\u00e9 au maintien de l\u2019ordre public, mais se sont abstenus de disperser les fid\u00e8les par la force, bien que plus de 50 personnes se trouvaient sur les lieux &#8211; au-del\u00e0 de ce qu\u2019autorisent les directives du Commandement du front int\u00e9rieur.<\/p>\n\n\n\n<h3 class=\"wp-block-heading\">Pourquoi des fid\u00e8les se sont-ils rassembl\u00e9s pr\u00e8s de la porte de Damas \u00e0 J\u00e9rusalem?<\/h3>\n\n\n\n<p>La journ\u00e9e de vendredi d\u2019hier \u00e9tait la troisi\u00e8me du mois de Ramadan. En temps normal, des dizaines de milliers de fid\u00e8les participent \u00e0 la pri\u00e8re de midi ce jour-l\u00e0, comme cela s\u2019est effectivement produit il y a seulement une semaine. Mais en raison de l\u2019op\u00e9ration \u00ab Rugissement du Lion \u00bb et des tirs de missiles depuis l\u2019Iran, toute la Vieille Ville &#8211; y compris l\u2019esplanade du Mont du Temple &#8211; est ferm\u00e9e aux fid\u00e8les et aux visiteurs depuis sept jours. Ainsi, les musulmans en g\u00e9n\u00e9ral et les Palestiniens en particulier sont priv\u00e9s de l\u2019exp\u00e9rience de la pri\u00e8re \u00e0 la mosqu\u00e9e Al Aqsa pendant le Ramadan.<\/p>\n\n\n\n<p>Selon les Palestiniens, il ne s\u2019agit pas de directives de s\u00e9curit\u00e9 destin\u00e9es \u00e0 sauver des vies, mais d\u2019une exploitation cynique de la situation par Isra\u00ebl pour imposer sa souverainet\u00e9 sur le complexe du Mont du Temple et les \u00e9loigner de la mosqu\u00e9e Al Aqsa.<\/p>\n\n\n\n<h3 class=\"wp-block-heading\">Comment s\u2019est d\u00e9roul\u00e9e la pri\u00e8re du vendredi pr\u00e8s de la porte de Damas \u00e0 J\u00e9rusalem?<\/h3>\n\n\n\n<p>Hier, vendredi \u00e0 midi, plusieurs centaines de fid\u00e8les qui refusaient d\u2019accepter la situation se sont rassembl\u00e9s pr\u00e8s de la porte de Damas et \u00e0 la lisi\u00e8re du quartier de Musrara (Morasha). Les participants ont d\u00e9roul\u00e9 des tapis de pri\u00e8re sur le trottoir et ont organis\u00e9 l\u00e0, au point le plus proche de la mosqu\u00e9e Al Aqsa qu\u2019ils pouvaient atteindre, une pri\u00e8re de protestation contre la fermeture du complexe du Mont du Temple. Des policiers du district de J\u00e9rusalem \u00e9taient pr\u00e9sents sur place, ont emp\u00each\u00e9 les fid\u00e8les de descendre vers la place de la porte elle-m\u00eame et ont maintenu l\u2019ordre public, mais se sont abstenus de disperser la foule par la force. Finalement, la pri\u00e8re s\u2019est d\u00e9roul\u00e9e sans incidents particuliers et, heureusement, aucun tir de missiles depuis l\u2019Iran n\u2019a eu lieu pendant la pri\u00e8re.<\/p>\n\n\n\n<p><\/p>\n","protected":false},"excerpt":{"rendered":"<p>Dans le contexte de l\u2019op\u00e9ration \u00ab Rugissement du Lion \u00bb et de l\u2019interdiction de rassemblement et d\u2019acc\u00e8s aux lieux saints \u00e0 J\u00e9rusalem, des centaines de Palestiniens ont tenu hier la pri\u00e8re du vendredi \u00e0 midi pr\u00e8s de la place de la porte de Damas. Des policiers du district de J\u00e9rusalem pr\u00e9sents sur place ont veill\u00e9 [&hellip;]<\/p>\n","protected":false},"author":24,"featured_media":178010,"comment_status":"closed","ping_status":"closed","sticky":false,"template":"","format":"standard","meta":{"_acf_changed":false,"_seopress_robots_primary_cat":"10633","_seopress_titles_title":"Mosqu\u00e9e Al Aqsa ferm\u00e9e? Alors la pri\u00e8re pr\u00e8s de la porte de Damas","_seopress_titles_desc":"Dans le contexte de l\u2019op\u00e9ration \u00ab Rugissement du Lion \u00bb et de la fermeture de la mosqu\u00e9e Al Aqsa aux fid\u00e8les: ainsi des centaines de Palestiniens se sont tout de m\u00eame rassembl\u00e9s \u00e0 J\u00e9rusalem pour la pri\u00e8re du vendredi du Ramadan","_seopress_robots_index":"","footnotes":""},"categories":[10630,10642,10633],"tags":[],"class_list":{"0":"post-178008","1":"post","2":"type-post","3":"status-publish","4":"format-standard","5":"has-post-thumbnail","7":"category-article-principal","8":"category-breves","9":"category-jerusalem-actualites-village-mondial"},"acf":{"subtitle":"Dans le contexte de l\u2019op\u00e9ration \u00ab Rugissement du Lion \u00bb et de la fermeture de la mosqu\u00e9e Al Aqsa aux fid\u00e8les: ainsi des centaines de Palestiniens se sont tout de m\u00eame rassembl\u00e9s \u00e0 J\u00e9rusalem pour la pri\u00e8re du vendredi du Ramadan"},"_links":{"self":[{"href":"https:\/\/jerusalem-online.co.il\/fr\/wp-json\/wp\/v2\/posts\/178008","targetHints":{"allow":["GET"]}}],"collection":[{"href":"https:\/\/jerusalem-online.co.il\/fr\/wp-json\/wp\/v2\/posts"}],"about":[{"href":"https:\/\/jerusalem-online.co.il\/fr\/wp-json\/wp\/v2\/types\/post"}],"author":[{"embeddable":true,"href":"https:\/\/jerusalem-online.co.il\/fr\/wp-json\/wp\/v2\/users\/24"}],"replies":[{"embeddable":true,"href":"https:\/\/jerusalem-online.co.il\/fr\/wp-json\/wp\/v2\/comments?post=178008"}],"version-history":[{"count":0,"href":"https:\/\/jerusalem-online.co.il\/fr\/wp-json\/wp\/v2\/posts\/178008\/revisions"}],"wp:featuredmedia":[{"embeddable":true,"href":"https:\/\/jerusalem-online.co.il\/fr\/wp-json\/wp\/v2\/media\/178010"}],"wp:attachment":[{"href":"https:\/\/jerusalem-online.co.il\/fr\/wp-json\/wp\/v2\/media?parent=178008"}],"wp:term":[{"taxonomy":"category","embeddable":true,"href":"https:\/\/jerusalem-online.co.il\/fr\/wp-json\/wp\/v2\/categories?post=178008"},{"taxonomy":"post_tag","embeddable":true,"href":"https:\/\/jerusalem-online.co.il\/fr\/wp-json\/wp\/v2\/tags?post=178008"}],"curies":[{"name":"wp","href":"https:\/\/api.w.org\/{rel}","templated":true}]}}