{"id":178058,"date":"2026-03-08T17:28:00","date_gmt":"2026-03-08T15:28:00","guid":{"rendered":"https:\/\/jerusalem-online.co.il\/?p=178058"},"modified":"2026-03-07T14:19:53","modified_gmt":"2026-03-07T12:19:53","slug":"appel-a-un-rassemblement-a-al-aqsa-malgre-les-missiles-le-cheikh-defie-la-police","status":"publish","type":"post","link":"https:\/\/jerusalem-online.co.il\/fr\/appel-a-un-rassemblement-a-al-aqsa-malgre-les-missiles-le-cheikh-defie-la-police\/","title":{"rendered":"Appel \u00e0 un rassemblement \u00e0 Al-Aqsa malgr\u00e9 les missiles: le cheikh d\u00e9fie la police"},"content":{"rendered":"\n<p>Le cheikh Ikrima Sabri, pr\u00e9sident du Conseil islamique supr\u00eame, pr\u00e9dicateur \u00e0 la mosqu\u00e9e Al-Aqsa et ancien grand mufti de J\u00e9rusalem, a \u00e9t\u00e9 interrog\u00e9 vendredi 6 mars 2026 au sujet de d\u00e9clarations faites deux jours apr\u00e8s le d\u00e9but de l\u2019op\u00e9ration \u00abRugissement du Lion\u00bb, dans lesquelles il affirmait que la fermeture de la mosqu\u00e9e Al-Aqsa n\u2019\u00e9tait pas une n\u00e9cessit\u00e9 s\u00e9curitaire mais une tentative d\u2019imposer une h\u00e9g\u00e9monie isra\u00e9lienne sur l\u2019esplanade des Mosqu\u00e9es.<\/p>\n\n\n\n<p>Sabri a \u00e9galement appel\u00e9 le public palestinien \u00e0 ne pas se conformer aux instructions du Commandement du front int\u00e9rieur et \u00e0 continuer de se rendre \u00e0 la mosqu\u00e9e en grand nombre. Imm\u00e9diatement apr\u00e8s sa sortie de l\u2019interrogatoire, alors qu\u2019il se trouvait pr\u00e8s du si\u00e8ge de la police du district de J\u00e9rusalem au complexe russe, il a r\u00e9p\u00e9t\u00e9 les m\u00eames d\u00e9clarations.<\/p>\n\n\n\n<h3 class=\"wp-block-heading\">Pourquoi le cheikh Ikrima Sabri a-t-il \u00e9t\u00e9 interrog\u00e9 apr\u00e8s avoir appel\u00e9 \u00e0 se rendre \u00e0 Al-Aqsa?<\/h3>\n\n\n\n<p>Sabri avait fait ces d\u00e9clarations le 2 mars 2026, pendant les jours du mois de Ramadan, apr\u00e8s que la police du district de J\u00e9rusalem a ferm\u00e9 le complexe du mont du Temple, y compris la mosqu\u00e9e Al-Aqsa, aux fid\u00e8les et aux visiteurs conform\u00e9ment aux instructions du Commandement du front int\u00e9rieur interdisant les rassemblements de masse dans l\u2019espace public en raison des tirs de missiles depuis l\u2019Iran. Dans des d\u00e9clarations largement reprises par les m\u00e9dias palestiniens et sur les r\u00e9seaux sociaux, Sabri a affirm\u00e9 qu\u2019\u00abil n\u2019existe aucune justification l\u00e9gale ou r\u00e9elle\u00bb pour la fermeture de la mosqu\u00e9e. Selon lui, l\u2019utilisation de l\u2019\u00e9tat d\u2019urgence comme pr\u00e9texte est une mesure politique et non s\u00e9curitaire.<\/p>\n\n\n\n<p>Sabri a \u00e9galement d\u00e9clar\u00e9 que le v\u00e9ritable objectif d\u2019Isra\u00ebl est \u00abd\u2019imposer une h\u00e9g\u00e9monie totale sur les lieux saints\u00bb et de modifier le statu quo historique sur l\u2019esplanade des Mosqu\u00e9es. Il a affirm\u00e9 que ces mesures visent \u00e0 \u00abaffaiblir et retirer les pr\u00e9rogatives de gestion du Waqf islamique\u00bb et \u00e0 emp\u00eacher les musulmans d\u2019exercer leur libert\u00e9 de culte, en particulier lors des pri\u00e8res nocturnes centrales du Ramadan, Icha et Tarawih. Il a appel\u00e9 les fid\u00e8les \u00e0 venir \u00e0 la mosqu\u00e9e en grand nombre malgr\u00e9 les restrictions, affirmant que \u00abla pr\u00e9sence des musulmans fera \u00e9chouer les plans de l\u2019occupation\u00bb.<\/p>\n\n\n\n<h3 class=\"wp-block-heading\">Quelles \u00e9taient les conditions de la lib\u00e9ration d\u2019Ikrima Sabri apr\u00e8s l\u2019interrogatoire?<\/h3>\n\n\n\n<p>\u00c0 l\u2019issue de l\u2019interrogatoire, Sabri a \u00e9t\u00e9 lib\u00e9r\u00e9 \u00e0 condition de ne pas entrer dans la vieille ville. Cette condition s\u2019ajoute \u00e0 une ordonnance d\u2019\u00e9loignement d\u00e9j\u00e0 en vigueur depuis environ un an qui lui interdit d\u2019entrer dans l\u2019enceinte de la mosqu\u00e9e Al-Aqsa sur le mont du Temple. Imm\u00e9diatement apr\u00e8s sa sortie de l\u2019interrogatoire au complexe russe, marchant aux c\u00f4t\u00e9s de ses avocats, il a de nouveau tenu des propos similaires devant des journalistes palestiniens qui l\u2019attendaient sur place.<\/p>\n\n\n\n<p>Sabri, consid\u00e9r\u00e9 comme l\u2019un des principaux incitateurs sur le mont du Temple, fait actuellement l\u2019objet d\u2019un autre proc\u00e8s pour des d\u00e9clarations d\u2019incitation ant\u00e9rieures. Il est accus\u00e9 d\u2019avoir lou\u00e9 et glorifi\u00e9 les auteurs d\u2019attentats en 2022 apr\u00e8s avoir rendu visite \u00e0 leurs familles. Parmi les propos que l\u2019ancien mufti aurait adress\u00e9s aux familles: \u00abIls sont au paradis, inchallah, et les anges les accueillent\u00bb. Dans l\u2019un de ces cas, il s\u2019agissait de l\u2019assaillant Uday Tamimi qui a tu\u00e9 la soldate Noa Lazar au checkpoint de Shuafat le 8 octobre 2022.<br><br><\/p>\n\n\n\n<blockquote class=\"twitter-tweet\" data-media-max-width=\"560\"><p lang=\"ar\" dir=\"rtl\"><a href=\"https:\/\/twitter.com\/hashtag\/%D8%B4%D8%A7%D9%87%D8%AF?src=hash&amp;ref_src=twsrc%5Etfw\">#\u0634\u0627\u0647\u062f<\/a> | \u0634\u0631\u0637\u0629 \u0627\u0644\u0627\u062d\u062a\u0644\u0627\u0644 \u0627\u0644\u0625\u0633\u0631\u0627\u0626\u064a\u0644\u064a \u062a\u0641\u0631\u062c \u0639\u0646 \u0627\u0644\u0634\u064a\u062e \u0639\u0643\u0631\u0645\u0629 \u0635\u0628\u0631\u064a \u0631\u0626\u064a\u0633 \u0627\u0644\u0647\u064a\u0626\u0629 \u0627\u0644\u0625\u0633\u0644\u0627\u0645\u064a\u0629 \u0627\u0644\u0639\u0644\u064a\u0627 \u0641\u064a \u0627\u0644\u0642\u062f\u0633 \u0628\u0639\u062f \u0627\u0633\u062a\u062f\u0639\u0627\u0626\u0647 \u0644\u0644\u062a\u062d\u0642\u064a\u0642 \u0627\u0644\u064a\u0648\u0645 \u062d\u0648\u0644 \u0627\u0639\u062a\u0631\u0627\u0636\u0647 \u0639\u0644\u0649 \u0625\u063a\u0644\u0627\u0642 \u0627\u0644\u0645\u0633\u062c\u062f \u0627\u0644\u0623\u0642\u0635\u0649 <a href=\"https:\/\/t.co\/uXAnI7xDWH\">pic.twitter.com\/uXAnI7xDWH<\/a><\/p>&mdash; \u0634\u0628\u0643\u0629 \u0641\u0644\u0633\u0637\u064a\u0646 \u0644\u0644\u062d\u0648\u0627\u0631 (@paldf) <a href=\"https:\/\/twitter.com\/paldf\/status\/2029992352249422137?ref_src=twsrc%5Etfw\">March 6, 2026<\/a><\/blockquote> <script async src=\"https:\/\/platform.twitter.com\/widgets.js\" charset=\"utf-8\"><\/script>\n","protected":false},"excerpt":{"rendered":"<p>Le cheikh Ikrima Sabri, pr\u00e9sident du Conseil islamique supr\u00eame, pr\u00e9dicateur \u00e0 la mosqu\u00e9e Al-Aqsa et ancien grand mufti de J\u00e9rusalem, a \u00e9t\u00e9 interrog\u00e9 vendredi 6 mars 2026 au sujet de d\u00e9clarations faites deux jours apr\u00e8s le d\u00e9but de l\u2019op\u00e9ration \u00abRugissement du Lion\u00bb, dans lesquelles il affirmait que la fermeture de la mosqu\u00e9e Al-Aqsa n\u2019\u00e9tait pas [&hellip;]<\/p>\n","protected":false},"author":24,"featured_media":178059,"comment_status":"closed","ping_status":"closed","sticky":false,"template":"","format":"standard","meta":{"_acf_changed":false,"_seopress_robots_primary_cat":"10633","_seopress_titles_title":"Appel \u00e0 un rassemblement \u00e0 Al-Aqsa malgr\u00e9 les missiles: le cheikh d\u00e9fie la police","_seopress_titles_desc":"Le cheikh Ikrima Sabri a \u00e9t\u00e9 interrog\u00e9 par la police apr\u00e8s avoir appel\u00e9 les fid\u00e8les \u00e0 se rendre \u00e0 Al-Aqsa malgr\u00e9 la fermeture pendant l\u2019op\u00e9ration \u00abRugissement du Lion\u00bb et il a r\u00e9p\u00e9t\u00e9 cet appel","_seopress_robots_index":"","footnotes":""},"categories":[10630,10642,10633],"tags":[],"class_list":{"0":"post-178058","1":"post","2":"type-post","3":"status-publish","4":"format-standard","5":"has-post-thumbnail","7":"category-article-principal","8":"category-breves","9":"category-jerusalem-actualites-village-mondial"},"acf":{"subtitle":"Le cheikh Ikrima Sabri a \u00e9t\u00e9 interrog\u00e9 par la police apr\u00e8s avoir appel\u00e9 les fid\u00e8les \u00e0 se rendre \u00e0 Al-Aqsa malgr\u00e9 la fermeture pendant l\u2019op\u00e9ration \u00abRugissement du Lion\u00bb et il a r\u00e9p\u00e9t\u00e9 cet appel"},"_links":{"self":[{"href":"https:\/\/jerusalem-online.co.il\/fr\/wp-json\/wp\/v2\/posts\/178058","targetHints":{"allow":["GET"]}}],"collection":[{"href":"https:\/\/jerusalem-online.co.il\/fr\/wp-json\/wp\/v2\/posts"}],"about":[{"href":"https:\/\/jerusalem-online.co.il\/fr\/wp-json\/wp\/v2\/types\/post"}],"author":[{"embeddable":true,"href":"https:\/\/jerusalem-online.co.il\/fr\/wp-json\/wp\/v2\/users\/24"}],"replies":[{"embeddable":true,"href":"https:\/\/jerusalem-online.co.il\/fr\/wp-json\/wp\/v2\/comments?post=178058"}],"version-history":[{"count":0,"href":"https:\/\/jerusalem-online.co.il\/fr\/wp-json\/wp\/v2\/posts\/178058\/revisions"}],"wp:featuredmedia":[{"embeddable":true,"href":"https:\/\/jerusalem-online.co.il\/fr\/wp-json\/wp\/v2\/media\/178059"}],"wp:attachment":[{"href":"https:\/\/jerusalem-online.co.il\/fr\/wp-json\/wp\/v2\/media?parent=178058"}],"wp:term":[{"taxonomy":"category","embeddable":true,"href":"https:\/\/jerusalem-online.co.il\/fr\/wp-json\/wp\/v2\/categories?post=178058"},{"taxonomy":"post_tag","embeddable":true,"href":"https:\/\/jerusalem-online.co.il\/fr\/wp-json\/wp\/v2\/tags?post=178058"}],"curies":[{"name":"wp","href":"https:\/\/api.w.org\/{rel}","templated":true}]}}