{"id":178089,"date":"2026-03-09T17:12:00","date_gmt":"2026-03-09T15:12:00","guid":{"rendered":"https:\/\/jerusalem-online.co.il\/?p=178089"},"modified":"2026-03-08T14:25:49","modified_gmt":"2026-03-08T12:25:49","slug":"jerusalem-une-femme-agee-braquee-pendant-une-sirene","status":"publish","type":"post","link":"https:\/\/jerusalem-online.co.il\/fr\/jerusalem-une-femme-agee-braquee-pendant-une-sirene\/","title":{"rendered":"J\u00e9rusalem: une femme \u00e2g\u00e9e braqu\u00e9e pendant une sir\u00e8ne"},"content":{"rendered":"\n<p>La police isra\u00e9lienne a achev\u00e9 l\u2019enqu\u00eate concernant un suspect de 49 ans originaire de Tel-Aviv, arr\u00eat\u00e9 apr\u00e8s une s\u00e9rie d\u2019actes violents \u00e0 J\u00e9rusalem. Ce matin, les enqu\u00eateurs du poste de police de Shuafat, dans le district de J\u00e9rusalem, ont d\u00e9pos\u00e9 une d\u00e9claration du procureur devant le tribunal de paix de J\u00e9rusalem, en vue d\u2019un acte d\u2019accusation attendu dans les prochains jours.<\/p>\n\n\n\n<p>Selon l\u2019enqu\u00eate de la police, le 4 mars 2026, le suspect a violemment vol\u00e9 un t\u00e9l\u00e9phone portable \u00e0 une femme \u00e2g\u00e9e \u00e0 J\u00e9rusalem, lui causant une blessure au visage et une fracture. Peu apr\u00e8s, selon les soup\u00e7ons, il a lanc\u00e9 une pierre sur un bus et bris\u00e9 ses vitres, mettant en danger les passagers.<\/p>\n\n\n\n<h3 class=\"wp-block-heading\">Braquage d\u2019une femme \u00e2g\u00e9e \u00e0 J\u00e9rusalem pendant une sir\u00e8ne: que s\u2019est-il pass\u00e9 dans l\u2019abri public?<\/h3>\n\n\n\n<p>L\u2019enqu\u00eate a \u00e9galement r\u00e9v\u00e9l\u00e9 que pendant une sir\u00e8ne dans la zone, le suspect est entr\u00e9 dans un abri public \u00e0 J\u00e9rusalem o\u00f9 des habitants s\u2019\u00e9taient r\u00e9fugi\u00e9s pour se prot\u00e9ger. Selon les soup\u00e7ons, il a commenc\u00e9 \u00e0 lancer des objets vers les personnes pr\u00e9sentes et \u00e0 les menacer, provoquant la panique parmi ceux qui se trouvaient dans l\u2019abri.<\/p>\n\n\n\n<h3 class=\"wp-block-heading\">Vitres d\u2019un bus bris\u00e9es \u00e0 J\u00e9rusalem: comment le suspect a-t-il \u00e9t\u00e9 arr\u00eat\u00e9?<\/h3>\n\n\n\n<p>Les policiers du district de J\u00e9rusalem ont localis\u00e9 et arr\u00eat\u00e9 le suspect. M\u00eame apr\u00e8s son arrestation, il a continu\u00e9 \u00e0 se comporter de mani\u00e8re violente, crachant en direction d\u2019une polici\u00e8re et commettant un acte ind\u00e9cent devant elle. \u00c0 l\u2019issue de l\u2019enqu\u00eate et apr\u00e8s la constitution des preuves, une d\u00e9claration du procureur a \u00e9t\u00e9 d\u00e9pos\u00e9e en vue d\u2019un acte d\u2019accusation.<\/p>\n\n\n\n<p>La police a d\u00e9clar\u00e9: \u00ab La police isra\u00e9lienne consid\u00e8re avec la plus grande gravit\u00e9 les actes de violence, les atteintes aux civils et aux personnes \u00e2g\u00e9es, ainsi que l\u2019exploitation des situations d\u2019urgence pour nuire au public et aux forces de s\u00e9curit\u00e9, et continuera d\u2019agir avec d\u00e9termination pour traduire les d\u00e9linquants en justice. \u00bb<\/p>\n\n\n\n<blockquote class=\"twitter-tweet\" data-media-max-width=\"560\"><p lang=\"iw\" dir=\"rtl\">\u05d1\u05d6\u05de\u05df \u05d4\u05d0\u05d6\u05e2\u05e7\u05d4 \u05d1\u05d9\u05e8\u05d5\u05e9\u05dc\u05d9\u05dd: \u05e9\u05d5\u05d3 \u05d5\u05ea\u05e7\u05d9\u05e4\u05d4 <a href=\"https:\/\/t.co\/UiPVoA9fTc\">pic.twitter.com\/UiPVoA9fTc<\/a><\/p>&mdash; jerusalem online (@Jlmonline) <a href=\"https:\/\/twitter.com\/Jlmonline\/status\/2030607840314785961?ref_src=twsrc%5Etfw\">March 8, 2026<\/a><\/blockquote> <script async src=\"https:\/\/platform.twitter.com\/widgets.js\" charset=\"utf-8\"><\/script>\n\n\n\n<p><\/p>\n","protected":false},"excerpt":{"rendered":"<p>La police isra\u00e9lienne a achev\u00e9 l\u2019enqu\u00eate concernant un suspect de 49 ans originaire de Tel-Aviv, arr\u00eat\u00e9 apr\u00e8s une s\u00e9rie d\u2019actes violents \u00e0 J\u00e9rusalem. Ce matin, les enqu\u00eateurs du poste de police de Shuafat, dans le district de J\u00e9rusalem, ont d\u00e9pos\u00e9 une d\u00e9claration du procureur devant le tribunal de paix de J\u00e9rusalem, en vue d\u2019un acte [&hellip;]<\/p>\n","protected":false},"author":11,"featured_media":178087,"comment_status":"closed","ping_status":"closed","sticky":false,"template":"","format":"standard","meta":{"_acf_changed":false,"_seopress_robots_primary_cat":"10634","_seopress_titles_title":"J\u00e9rusalem: une femme \u00e2g\u00e9e braqu\u00e9e pendant une sir\u00e8ne","_seopress_titles_desc":"Vid\u00e9o: violente attaque \u00e0 J\u00e9rusalem - un suspect arr\u00eat\u00e9 apr\u00e8s avoir braqu\u00e9 une femme \u00e2g\u00e9e pendant une sir\u00e8ne","_seopress_robots_index":"","footnotes":""},"categories":[10634,10630,10642,10641],"tags":[],"class_list":{"0":"post-178089","1":"post","2":"type-post","3":"status-publish","4":"format-standard","5":"has-post-thumbnail","7":"category-actualites-de-jerusalem","8":"category-article-principal","9":"category-breves","10":"category-droit-et-criminalite"},"acf":{"subtitle":"Vid\u00e9o: violente attaque \u00e0 J\u00e9rusalem - un suspect arr\u00eat\u00e9 apr\u00e8s avoir braqu\u00e9 une femme \u00e2g\u00e9e pendant une sir\u00e8ne"},"_links":{"self":[{"href":"https:\/\/jerusalem-online.co.il\/fr\/wp-json\/wp\/v2\/posts\/178089","targetHints":{"allow":["GET"]}}],"collection":[{"href":"https:\/\/jerusalem-online.co.il\/fr\/wp-json\/wp\/v2\/posts"}],"about":[{"href":"https:\/\/jerusalem-online.co.il\/fr\/wp-json\/wp\/v2\/types\/post"}],"author":[{"embeddable":true,"href":"https:\/\/jerusalem-online.co.il\/fr\/wp-json\/wp\/v2\/users\/11"}],"replies":[{"embeddable":true,"href":"https:\/\/jerusalem-online.co.il\/fr\/wp-json\/wp\/v2\/comments?post=178089"}],"version-history":[{"count":0,"href":"https:\/\/jerusalem-online.co.il\/fr\/wp-json\/wp\/v2\/posts\/178089\/revisions"}],"wp:featuredmedia":[{"embeddable":true,"href":"https:\/\/jerusalem-online.co.il\/fr\/wp-json\/wp\/v2\/media\/178087"}],"wp:attachment":[{"href":"https:\/\/jerusalem-online.co.il\/fr\/wp-json\/wp\/v2\/media?parent=178089"}],"wp:term":[{"taxonomy":"category","embeddable":true,"href":"https:\/\/jerusalem-online.co.il\/fr\/wp-json\/wp\/v2\/categories?post=178089"},{"taxonomy":"post_tag","embeddable":true,"href":"https:\/\/jerusalem-online.co.il\/fr\/wp-json\/wp\/v2\/tags?post=178089"}],"curies":[{"name":"wp","href":"https:\/\/api.w.org\/{rel}","templated":true}]}}