{"id":178366,"date":"2026-03-12T22:32:00","date_gmt":"2026-03-12T20:32:00","guid":{"rendered":"https:\/\/jerusalem-online.co.il\/?p=178366"},"modified":"2026-03-11T16:05:01","modified_gmt":"2026-03-11T14:05:01","slug":"reglement-de-comptes-dans-un-bus-a-jerusalem-deux-jeunes-sen-prennent-a-un-chauffeur","status":"publish","type":"post","link":"https:\/\/jerusalem-online.co.il\/fr\/reglement-de-comptes-dans-un-bus-a-jerusalem-deux-jeunes-sen-prennent-a-un-chauffeur\/","title":{"rendered":"\u00ab R\u00e8glement de comptes \u00bb dans un bus \u00e0 J\u00e9rusalem : deux jeunes s\u2019en prennent \u00e0 un chauffeur"},"content":{"rendered":"\n<p>La violence contre les chauffeurs de bus \u00e0 J\u00e9rusalem a conduit \u00e0 l\u2019arrestation de deux habitants de la ville \u00e2g\u00e9s de 18 et 19 ans. Selon la police, ils sont soup\u00e7onn\u00e9s d\u2019avoir agress\u00e9 le m\u00eame chauffeur de bus lors de deux incidents distincts survenus ces derniers mois. Les d\u00e9tectives du poste Lev Habira du district de J\u00e9rusalem ont localis\u00e9 les suspects apr\u00e8s un travail de renseignement et les ont arr\u00eat\u00e9s alors qu\u2019ils se cachaient dans une unit\u00e9 de logement dans la ville.<\/p>\n\n\n\n<p>Selon la police, les deux incidents se sont produits \u00e0 quelques semaines d\u2019intervalle et concernaient le m\u00eame chauffeur. Le tribunal de paix de J\u00e9rusalem a acc\u00e9d\u00e9 ce matin \u00e0 la demande des enqu\u00eateurs et a prolong\u00e9 la d\u00e9tention des suspects jusqu\u2019au 13 mars 2026.<\/p>\n\n\n\n<h3 class=\"wp-block-heading\">Comment la premi\u00e8re altercation avec le chauffeur de bus \u00e0 J\u00e9rusalem a-t-elle commenc\u00e9 ?<\/h3>\n\n\n\n<p>Selon l\u2019enqu\u00eate, le premier incident s\u2019est produit en janvier. Une dispute a \u00e9clat\u00e9 entre le chauffeur et les suspects apr\u00e8s que le chauffeur a refus\u00e9 de les laisser descendre \u00e0 un endroit non autoris\u00e9.<\/p>\n\n\n\n<p>La dispute a rapidement d\u00e9g\u00e9n\u00e9r\u00e9 en violence. Se sentant menac\u00e9, le chauffeur a pulv\u00e9ris\u00e9 du gaz poivr\u00e9 dans l\u2019air pour les \u00e9loigner. En r\u00e9action, les deux suspects ont bris\u00e9 les r\u00e9troviseurs du bus avant de prendre la fuite.<\/p>\n\n\n\n<h3 class=\"wp-block-heading\">Comment la deuxi\u00e8me agression contre le chauffeur s\u2019est-elle produite \u00e0 J\u00e9rusalem ?<\/h3>\n\n\n\n<p>Au d\u00e9but du mois de f\u00e9vrier, selon l\u2019enqu\u00eate, les suspects ont de nouveau aper\u00e7u le m\u00eame chauffeur de bus, cette fois pr\u00e8s du quartier de Romema \u00e0 J\u00e9rusalem.<\/p>\n\n\n\n<p>Ils l\u2019auraient attendu \u00e0 un arr\u00eat de bus et lui auraient tendu une embuscade. Lorsque le chauffeur est arriv\u00e9, ils l\u2019ont frapp\u00e9 \u00e0 coups de poing, lui ont pulv\u00e9ris\u00e9 du gaz poivr\u00e9 et ont lanc\u00e9 des pierres contre le bus.<\/p>\n\n\n\n<p>Les vitres du bus ont \u00e9t\u00e9 bris\u00e9es alors que le chauffeur se trouvait derri\u00e8re le volant. Des passagers se trouvaient \u00e0 bord, dont des enfants, qui ont fui les lieux dans la panique.<\/p>\n\n\n\n<h3 class=\"wp-block-heading\">Comment la police a-t-elle r\u00e9ussi \u00e0 localiser les suspects \u00e0 J\u00e9rusalem ?<\/h3>\n\n\n\n<p>Les d\u00e9tectives du poste Lev Habira ont ouvert une enqu\u00eate comprenant la collecte de preuves et des op\u00e9rations de renseignement. Apr\u00e8s un certain temps, ils ont r\u00e9ussi \u00e0 retracer les suspects et \u00e0 localiser leur cachette dans une unit\u00e9 de logement de la ville.<\/p>\n\n\n\n<p>Le commandant Moshe Nagoran, chef des enqu\u00eates et du renseignement du poste Lev Habira, a d\u00e9clar\u00e9 : \u00ab Il s\u2019agit d\u2019une traque d\u00e9termin\u00e9e contre des suspects qui ont choisi d\u2019agir avec une violence grave contre un agent public qui accomplissait son travail. Notre message est clair : quiconque attaque des chauffeurs de bus et tente de semer la peur dans les rues de J\u00e9rusalem ne trouvera pas de refuge. M\u00eame si du temps s\u2019est \u00e9coul\u00e9 depuis l\u2019incident, nos capacit\u00e9s de renseignement et d\u2019intervention nous m\u00e8neront \u00e0 chaque cachette afin de traduire les responsables en justice \u00bb.<\/p>\n","protected":false},"excerpt":{"rendered":"<p>La violence contre les chauffeurs de bus \u00e0 J\u00e9rusalem a conduit \u00e0 l\u2019arrestation de deux habitants de la ville \u00e2g\u00e9s de 18 et 19 ans. Selon la police, ils sont soup\u00e7onn\u00e9s d\u2019avoir agress\u00e9 le m\u00eame chauffeur de bus lors de deux incidents distincts survenus ces derniers mois. Les d\u00e9tectives du poste Lev Habira du district [&hellip;]<\/p>\n","protected":false},"author":11,"featured_media":178364,"comment_status":"closed","ping_status":"closed","sticky":false,"template":"","format":"standard","meta":{"_acf_changed":false,"_seopress_robots_primary_cat":"10634","_seopress_titles_title":"\u00ab R\u00e8glement de comptes \u00bb dans un bus \u00e0 J\u00e9rusalem : deux jeunes s\u2019en prennent \u00e0 un chauffeur","_seopress_titles_desc":"Un chauffeur de bus \u00e0 J\u00e9rusalem a \u00e9t\u00e9 agress\u00e9 lors de deux incidents distincts apr\u00e8s une dispute \u00e0 propos d\u2019une descente hors arr\u00eat, les suspects ont \u00e9t\u00e9 arr\u00eat\u00e9s apr\u00e8s une chasse polici\u00e8re","_seopress_robots_index":"","footnotes":""},"categories":[10634,10642,10641],"tags":[],"class_list":{"0":"post-178366","1":"post","2":"type-post","3":"status-publish","4":"format-standard","5":"has-post-thumbnail","7":"category-actualites-de-jerusalem","8":"category-breves","9":"category-droit-et-criminalite"},"acf":{"subtitle":"Un chauffeur de bus \u00e0 J\u00e9rusalem a \u00e9t\u00e9 agress\u00e9 lors de deux incidents distincts apr\u00e8s une dispute \u00e0 propos d\u2019une descente hors arr\u00eat, les suspects ont \u00e9t\u00e9 arr\u00eat\u00e9s apr\u00e8s une chasse polici\u00e8re"},"_links":{"self":[{"href":"https:\/\/jerusalem-online.co.il\/fr\/wp-json\/wp\/v2\/posts\/178366","targetHints":{"allow":["GET"]}}],"collection":[{"href":"https:\/\/jerusalem-online.co.il\/fr\/wp-json\/wp\/v2\/posts"}],"about":[{"href":"https:\/\/jerusalem-online.co.il\/fr\/wp-json\/wp\/v2\/types\/post"}],"author":[{"embeddable":true,"href":"https:\/\/jerusalem-online.co.il\/fr\/wp-json\/wp\/v2\/users\/11"}],"replies":[{"embeddable":true,"href":"https:\/\/jerusalem-online.co.il\/fr\/wp-json\/wp\/v2\/comments?post=178366"}],"version-history":[{"count":0,"href":"https:\/\/jerusalem-online.co.il\/fr\/wp-json\/wp\/v2\/posts\/178366\/revisions"}],"wp:featuredmedia":[{"embeddable":true,"href":"https:\/\/jerusalem-online.co.il\/fr\/wp-json\/wp\/v2\/media\/178364"}],"wp:attachment":[{"href":"https:\/\/jerusalem-online.co.il\/fr\/wp-json\/wp\/v2\/media?parent=178366"}],"wp:term":[{"taxonomy":"category","embeddable":true,"href":"https:\/\/jerusalem-online.co.il\/fr\/wp-json\/wp\/v2\/categories?post=178366"},{"taxonomy":"post_tag","embeddable":true,"href":"https:\/\/jerusalem-online.co.il\/fr\/wp-json\/wp\/v2\/tags?post=178366"}],"curies":[{"name":"wp","href":"https:\/\/api.w.org\/{rel}","templated":true}]}}