{"id":178426,"date":"2026-03-13T14:08:00","date_gmt":"2026-03-13T12:08:00","guid":{"rendered":"https:\/\/jerusalem-online.co.il\/?p=178426"},"modified":"2026-03-12T19:13:35","modified_gmt":"2026-03-12T17:13:35","slug":"al-aqsa-fermee-lors-du-vendredi-de-lorphelin-colere-palestinienne","status":"publish","type":"post","link":"https:\/\/jerusalem-online.co.il\/fr\/al-aqsa-fermee-lors-du-vendredi-de-lorphelin-colere-palestinienne\/","title":{"rendered":"Al-Aqsa ferm\u00e9e lors du \u00ab vendredi de l\u2019orphelin \u00bb &#8211; col\u00e8re palestinienne"},"content":{"rendered":"\n<p>Des millions de musulmans dans le monde marquent aujourd\u2019hui le dernier vendredi du mois de Ramadan. C\u2019est le 14e jour cons\u00e9cutif que la mosqu\u00e9e Al-Aqsa, sur l\u2019esplanade du Mont du Temple \u00e0 J\u00e9rusalem, est ferm\u00e9e aux fid\u00e8les. C\u2019est aussi la premi\u00e8re fois que la mosqu\u00e9e est ferm\u00e9e ce jour-l\u00e0 depuis la guerre des Six Jours en 1967, \u00e0 l\u2019exception de la p\u00e9riode de la pand\u00e9mie de coronavirus, lorsque le site avait \u00e9t\u00e9 ferm\u00e9 pour des raisons sanitaires avec l\u2019accord du Waqf.<\/p>\n\n\n\n<p>L\u2019impossibilit\u00e9 de prier \u00e0 Al-Aqsa lors de ce que l\u2019on appelle le \u00ab vendredi de l\u2019orphelin \u00bb provoque une grande frustration parmi les Palestiniens. Dans les m\u00e9dias et sur les r\u00e9seaux sociaux, des appels circulent pour ne pas se conformer aux instructions visant \u00e0 \u00e9viter les rassemblements et pour se rendre au point le plus proche possible de la mosqu\u00e9e afin d\u2019y prier.<\/p>\n\n\n\n<h3 class=\"wp-block-heading\">Qu\u2019est-ce que le \u00ab vendredi de l\u2019orphelin \u00bb du Ramadan ?<\/h3>\n\n\n\n<p>Le dernier vendredi du mois de Ramadan est m\u00e9taphoriquement appel\u00e9 le \u00ab vendredi de l\u2019orphelin \u00bb (Al-Jum&rsquo;a Al-Yatima), car c\u2019est le dernier vendredi du mois et il n\u2019a donc pas de \u00ab fr\u00e8res \u00bb &#8211; c\u2019est-\u00e0-dire d\u2019autres vendredis &#8211; avant la fin du je\u00fbne. Cette journ\u00e9e est consid\u00e9r\u00e9e comme le sommet spirituel du Ramadan.<\/p>\n\n\n\n<p>En temps normal, des dizaines &#8211; parfois des centaines &#8211; de milliers de fid\u00e8les remplissent la mosqu\u00e9e Al-Aqsa ce jour-l\u00e0, venant de toute la Cisjordanie, de J\u00e9rusalem et des communaut\u00e9s arabes d\u2019Isra\u00ebl. C\u2019est un jour d\u2019adieu au mois sacr\u00e9, accompagn\u00e9 des derniers achats dans les march\u00e9s de la vieille ville de J\u00e9rusalem avant l\u2019A\u00efd al-Fitr, dans une atmosph\u00e8re festive m\u00eal\u00e9e de tristesse \u00e0 l\u2019approche de la fin du Ramadan.<\/p>\n\n\n\n<p>La fermeture du site s\u2019ajoute au fait que, durant les dix derniers jours du Ramadan, les Palestiniens n\u2019ont pas pu pratiquer l\u2019itikaf &#8211; le fait de rester dans la mosqu\u00e9e toute la nuit pour la pri\u00e8re et la d\u00e9votion &#8211; ce qui suscite col\u00e8re et frustration.<\/p>\n\n\n\n<p>Selon les Palestiniens, cette d\u00e9cision ne d\u00e9coule pas de consid\u00e9rations s\u00e9curitaires visant \u00e0 prot\u00e9ger des vies humaines dans le contexte de l\u2019op\u00e9ration \u00ab Rugissement du Lion \u00bb, mais d\u2019une exploitation cynique de la situation pour renforcer le contr\u00f4le juif sur l\u2019esplanade du Mont du Temple et repousser les Palestiniens de la mosqu\u00e9e Al-Aqsa. Ils affirment \u00e9galement qu\u2019aucune mesure similaire n\u2019a \u00e9t\u00e9 prise contre les Juifs qui ont c\u00e9l\u00e9br\u00e9 la f\u00eate de Pourim lors de rassemblements massifs dans l\u2019espace public.<\/p>\n\n\n\n<p>Dans les m\u00e9dias et sur les r\u00e9seaux sociaux, des appels continuent d\u2019\u00eatre lanc\u00e9s pour ne pas respecter les instructions du Commandement du front int\u00e9rieur isra\u00e9lien demandant d\u2019\u00e9viter les rassemblements et pour se rendre au point le plus proche de la mosqu\u00e9e afin d\u2019y prier. Comme on le sait, vendredi dernier, des centaines de fid\u00e8les se sont rassembl\u00e9s dans la rue pr\u00e8s de la porte de Damas et y ont tenu la pri\u00e8re.<\/p>\n\n\n\n<h3 class=\"wp-block-heading\">Qu\u2019est-ce que la \u00ab Journ\u00e9e internationale d\u2019Al-Qods \u00bb marqu\u00e9e lors du dernier vendredi du Ramadan ?<\/h3>\n\n\n\n<p>Le dernier vendredi du Ramadan est \u00e9galement connu comme la \u00ab Journ\u00e9e internationale d\u2019Al-Qods \u00bb, une journ\u00e9e annuelle de protestation antisioniste. Elle a \u00e9t\u00e9 instaur\u00e9e par l\u2019ayatollah Rouhollah Khomeiny en 1979, peu apr\u00e8s la r\u00e9volution islamique en Iran.<\/p>\n\n\n\n<p>Cette journ\u00e9e est consacr\u00e9e \u00e0 l\u2019expression de la solidarit\u00e9 avec les Palestiniens et \u00e0 l\u2019opposition au contr\u00f4le isra\u00e9lien de J\u00e9rusalem. Des manifestations organis\u00e9es ont lieu en Iran et dans plusieurs pays musulmans. On ignore si cette ann\u00e9e Mojtaba Khamenei, l\u2019ayatollah actuel r\u00e9cemment choisi et qui serait cach\u00e9 quelque part apr\u00e8s avoir \u00e9t\u00e9 bless\u00e9, aura la volont\u00e9 ou la capacit\u00e9 de marquer cette journ\u00e9e.<\/p>\n","protected":false},"excerpt":{"rendered":"<p>Des millions de musulmans dans le monde marquent aujourd\u2019hui le dernier vendredi du mois de Ramadan. C\u2019est le 14e jour cons\u00e9cutif que la mosqu\u00e9e Al-Aqsa, sur l\u2019esplanade du Mont du Temple \u00e0 J\u00e9rusalem, est ferm\u00e9e aux fid\u00e8les. C\u2019est aussi la premi\u00e8re fois que la mosqu\u00e9e est ferm\u00e9e ce jour-l\u00e0 depuis la guerre des Six Jours [&hellip;]<\/p>\n","protected":false},"author":24,"featured_media":178428,"comment_status":"closed","ping_status":"closed","sticky":false,"template":"","format":"standard","meta":{"_acf_changed":false,"_seopress_robots_primary_cat":"10633","_seopress_titles_title":"Al-Aqsa ferm\u00e9e lors du \u00ab vendredi de l\u2019orphelin \u00bb - col\u00e8re palestinienne","_seopress_titles_desc":"Pour la premi\u00e8re fois depuis 1967, la mosqu\u00e9e Al-Aqsa \u00e0 J\u00e9rusalem est ferm\u00e9e lors du dernier vendredi du Ramadan, alors que les sir\u00e8nes et les tirs de missiles marquent la guerre en cours","_seopress_robots_index":"","footnotes":""},"categories":[10630,10642,10633],"tags":[],"class_list":{"0":"post-178426","1":"post","2":"type-post","3":"status-publish","4":"format-standard","5":"has-post-thumbnail","7":"category-article-principal","8":"category-breves","9":"category-jerusalem-actualites-village-mondial"},"acf":{"subtitle":"Pour la premi\u00e8re fois depuis 1967, la mosqu\u00e9e Al-Aqsa \u00e0 J\u00e9rusalem est ferm\u00e9e lors du dernier vendredi du Ramadan, alors que les sir\u00e8nes et les tirs de missiles marquent la guerre en cours"},"_links":{"self":[{"href":"https:\/\/jerusalem-online.co.il\/fr\/wp-json\/wp\/v2\/posts\/178426","targetHints":{"allow":["GET"]}}],"collection":[{"href":"https:\/\/jerusalem-online.co.il\/fr\/wp-json\/wp\/v2\/posts"}],"about":[{"href":"https:\/\/jerusalem-online.co.il\/fr\/wp-json\/wp\/v2\/types\/post"}],"author":[{"embeddable":true,"href":"https:\/\/jerusalem-online.co.il\/fr\/wp-json\/wp\/v2\/users\/24"}],"replies":[{"embeddable":true,"href":"https:\/\/jerusalem-online.co.il\/fr\/wp-json\/wp\/v2\/comments?post=178426"}],"version-history":[{"count":0,"href":"https:\/\/jerusalem-online.co.il\/fr\/wp-json\/wp\/v2\/posts\/178426\/revisions"}],"wp:featuredmedia":[{"embeddable":true,"href":"https:\/\/jerusalem-online.co.il\/fr\/wp-json\/wp\/v2\/media\/178428"}],"wp:attachment":[{"href":"https:\/\/jerusalem-online.co.il\/fr\/wp-json\/wp\/v2\/media?parent=178426"}],"wp:term":[{"taxonomy":"category","embeddable":true,"href":"https:\/\/jerusalem-online.co.il\/fr\/wp-json\/wp\/v2\/categories?post=178426"},{"taxonomy":"post_tag","embeddable":true,"href":"https:\/\/jerusalem-online.co.il\/fr\/wp-json\/wp\/v2\/tags?post=178426"}],"curies":[{"name":"wp","href":"https:\/\/api.w.org\/{rel}","templated":true}]}}