{"id":178523,"date":"2026-03-16T16:49:00","date_gmt":"2026-03-16T14:49:00","guid":{"rendered":"https:\/\/jerusalem-online.co.il\/?p=178523"},"modified":"2026-03-14T15:56:57","modified_gmt":"2026-03-14T13:56:57","slug":"le-mur-decouvert-a-jerusalem-est-des-images-qui-racontent-une-autre-histoire","status":"publish","type":"post","link":"https:\/\/jerusalem-online.co.il\/fr\/le-mur-decouvert-a-jerusalem-est-des-images-qui-racontent-une-autre-histoire\/","title":{"rendered":"Le mur d\u00e9couvert \u00e0 J\u00e9rusalem-Est: des images qui racontent une autre histoire"},"content":{"rendered":"\n<p>J\u00e9rusalem vit depuis longtemps avec plusieurs r\u00e9alit\u00e9s \u00e0 la fois. Dans une rue, la vie quotidienne continue normalement \u2013 commerces, bus et passants press\u00e9s. \u00c0 quelques minutes de l\u00e0, une autre r\u00e9alit\u00e9 appara\u00eet parfois, rappelant \u00e0 quel point la vie dans la ville peut \u00eatre complexe et fragile.<\/p>\n\n\n\n<p>Ce contraste est apparu cette semaine dans un appartement du quartier de Beit Hanina, \u00e0 J\u00e9rusalem-Est. Dans une petite pi\u00e8ce, les murs \u00e9taient couverts de photos de figures associ\u00e9es \u00e0 des organisations arm\u00e9es, aux c\u00f4t\u00e9s de drapeaux et de divers symboles.<\/p>\n\n\n\n<p>Sur une table voisine, la police a \u00e9galement trouv\u00e9 plusieurs objets, dont un pistolet airsoft, des douilles vides de grenades lacrymog\u00e8nes et d\u2019autres \u00e9l\u00e9ments.<\/p>\n\n\n\n<p>Selon des personnes ayant vu les lieux, la pi\u00e8ce ressemblait presque \u00e0 un tableau de propagande \u2013 mur apr\u00e8s mur rempli d\u2019images et de symboles cr\u00e9ant une atmosph\u00e8re id\u00e9ologique marqu\u00e9e.<\/p>\n\n\n\n<h3 class=\"wp-block-heading\">Que cachait le mur dans cet appartement de J\u00e9rusalem-Est?<\/h3>\n\n\n\n<p>Les photographies expos\u00e9es dans la pi\u00e8ce montrent plusieurs figures associ\u00e9es \u00e0 des groupes arm\u00e9s et \u00e0 des mouvements radicaux de la r\u00e9gion. Certaines sont largement connues au Moyen-Orient, tandis que d\u2019autres le sont surtout dans des cercles id\u00e9ologiques plus restreints.<\/p>\n\n\n\n<p>Les t\u00e9moins d\u00e9crivent un mur ressemblant \u00e0 une galerie improvis\u00e9e. Des drapeaux verts et noirs, des symboles d\u2019organisations et des portraits de militants recouvraient les murs.<\/p>\n\n\n\n<p>L\u2019ensemble donnait l\u2019impression d\u2019un espace transform\u00e9 en lieu d\u2019expression d\u2019une identit\u00e9 politique radicale.<\/p>\n\n\n\n<h3 class=\"wp-block-heading\">Que r\u00e9v\u00e8le cette d\u00e9couverte sur la r\u00e9alit\u00e9 de J\u00e9rusalem-Est?<\/h3>\n\n\n\n<p>Cette d\u00e9couverte ajoute une nouvelle couche \u00e0 l\u2019histoire complexe de J\u00e9rusalem. La ville est \u00e0 la fois une destination touristique internationale et un centre urbain anim\u00e9 \u2013 mais aussi un lieu o\u00f9 les tensions politiques et nationales refont r\u00e9guli\u00e8rement surface.<\/p>\n\n\n\n<p>\u00c0 J\u00e9rusalem-Est en particulier, des r\u00e9alit\u00e9s parall\u00e8les peuvent parfois coexister. La vie familiale, le commerce et la routine quotidienne se poursuivent, mais les autorit\u00e9s d\u00e9couvrent parfois des foyers d\u2019id\u00e9ologie radicale ou des signes de soutien \u00e0 des organisations arm\u00e9es.<\/p>\n\n\n\n<p>Ce ph\u00e9nom\u00e8ne ne concerne pas un seul quartier. Il refl\u00e8te plut\u00f4t une r\u00e9alit\u00e9 plus large de J\u00e9rusalem \u2013 une ville o\u00f9 l\u2019histoire, la politique et l\u2019identit\u00e9 se croisent souvent dans les m\u00eames rues.<\/p>\n\n\n\n<p>La police isra\u00e9lienne a d\u00e9clar\u00e9: \u00ab\u00a0Le suspect, un r\u00e9sident local de 18 ans, a \u00e9t\u00e9 arr\u00eat\u00e9 apr\u00e8s une perquisition men\u00e9e dans un appartement du quartier de Beit Hanina. Lors de la fouille, un pistolet airsoft, des douilles vides de grenades lacrymog\u00e8nes, ainsi que des drapeaux du Hamas et des photos de terroristes ont \u00e9t\u00e9 saisis. Le suspect a \u00e9t\u00e9 interrog\u00e9 puis pr\u00e9sent\u00e9 devant un tribunal qui a prolong\u00e9 sa d\u00e9tention.\u00a0\u00bb<\/p>\n\n\n\n<p><\/p>\n","protected":false},"excerpt":{"rendered":"<p>J\u00e9rusalem vit depuis longtemps avec plusieurs r\u00e9alit\u00e9s \u00e0 la fois. Dans une rue, la vie quotidienne continue normalement \u2013 commerces, bus et passants press\u00e9s. \u00c0 quelques minutes de l\u00e0, une autre r\u00e9alit\u00e9 appara\u00eet parfois, rappelant \u00e0 quel point la vie dans la ville peut \u00eatre complexe et fragile. Ce contraste est apparu cette semaine dans [&hellip;]<\/p>\n","protected":false},"author":5,"featured_media":178524,"comment_status":"closed","ping_status":"closed","sticky":false,"template":"","format":"standard","meta":{"_acf_changed":false,"_seopress_robots_primary_cat":"10634","_seopress_titles_title":"Le mur d\u00e9couvert \u00e0 J\u00e9rusalem-Est: des images qui racontent une autre histoire","_seopress_titles_desc":"Dans un appartement de J\u00e9rusalem-Est, une pi\u00e8ce remplie de drapeaux, de symboles et de photos de figures militantes a \u00e9t\u00e9 d\u00e9couverte \u2013 une sc\u00e8ne qui refl\u00e8te les tensions qui traversent J\u00e9rusalem","_seopress_robots_index":"","footnotes":""},"categories":[10634,10630,10642],"tags":[],"class_list":{"0":"post-178523","1":"post","2":"type-post","3":"status-publish","4":"format-standard","5":"has-post-thumbnail","7":"category-actualites-de-jerusalem","8":"category-article-principal","9":"category-breves"},"acf":{"subtitle":"Dans un appartement de J\u00e9rusalem-Est, une pi\u00e8ce remplie de drapeaux, de symboles et de photos de figures militantes a \u00e9t\u00e9 d\u00e9couverte \u2013 une sc\u00e8ne qui refl\u00e8te les tensions qui traversent J\u00e9rusalem"},"_links":{"self":[{"href":"https:\/\/jerusalem-online.co.il\/fr\/wp-json\/wp\/v2\/posts\/178523","targetHints":{"allow":["GET"]}}],"collection":[{"href":"https:\/\/jerusalem-online.co.il\/fr\/wp-json\/wp\/v2\/posts"}],"about":[{"href":"https:\/\/jerusalem-online.co.il\/fr\/wp-json\/wp\/v2\/types\/post"}],"author":[{"embeddable":true,"href":"https:\/\/jerusalem-online.co.il\/fr\/wp-json\/wp\/v2\/users\/5"}],"replies":[{"embeddable":true,"href":"https:\/\/jerusalem-online.co.il\/fr\/wp-json\/wp\/v2\/comments?post=178523"}],"version-history":[{"count":0,"href":"https:\/\/jerusalem-online.co.il\/fr\/wp-json\/wp\/v2\/posts\/178523\/revisions"}],"wp:featuredmedia":[{"embeddable":true,"href":"https:\/\/jerusalem-online.co.il\/fr\/wp-json\/wp\/v2\/media\/178524"}],"wp:attachment":[{"href":"https:\/\/jerusalem-online.co.il\/fr\/wp-json\/wp\/v2\/media?parent=178523"}],"wp:term":[{"taxonomy":"category","embeddable":true,"href":"https:\/\/jerusalem-online.co.il\/fr\/wp-json\/wp\/v2\/categories?post=178523"},{"taxonomy":"post_tag","embeddable":true,"href":"https:\/\/jerusalem-online.co.il\/fr\/wp-json\/wp\/v2\/tags?post=178523"}],"curies":[{"name":"wp","href":"https:\/\/api.w.org\/{rel}","templated":true}]}}