{"id":180840,"date":"2026-05-01T17:12:00","date_gmt":"2026-05-01T14:12:00","guid":{"rendered":"https:\/\/jerusalem-online.co.il\/?p=180840"},"modified":"2026-04-28T14:13:49","modified_gmt":"2026-04-28T11:13:49","slug":"jerusalem-entre-uniforme-et-chapeaux-noirs-une-agression-revele-une-fracture-profonde","status":"publish","type":"post","link":"https:\/\/jerusalem-online.co.il\/fr\/jerusalem-entre-uniforme-et-chapeaux-noirs-une-agression-revele-une-fracture-profonde\/","title":{"rendered":"J\u00e9rusalem entre uniforme et chapeaux noirs: une agression r\u00e9v\u00e8le une fracture profonde"},"content":{"rendered":"\n<p>Le coup frapp\u00e9 contre une porte ferm\u00e9e \u00e0 Beit Shemesh n\u2019est pas qu\u2019un acte de violence local. Il refl\u00e8te une tension croissante au sein de la soci\u00e9t\u00e9 isra\u00e9lienne, qui converge \u00e0 r\u00e9p\u00e9tition autour de J\u00e9rusalem et de la question du service militaire des ultra-orthodoxes. Cette fois, la victime \u00e9tait un soldat en uniforme, et les suspects, selon la police, sont li\u00e9s \u00e0 des groupes ultra-orthodoxes extr\u00e9mistes.<\/p>\n\n\n\n<p>Ces derniers jours, l\u2019atmosph\u00e8re \u00e0 J\u00e9rusalem et dans ses environs, notamment \u00e0 Beit Shemesh, est devenue particuli\u00e8rement tendue. Le d\u00e9bat sur la conscription a quitt\u00e9 les ar\u00e8nes politiques pour descendre dans la rue, parfois jusqu\u2019\u00e0 des confrontations physiques. Entre quartiers ultra-orthodoxes et milieux plus la\u00efcs, entre jeunes soldats et ceux qui per\u00e7oivent l\u2019enr\u00f4lement comme une menace pour leur mode de vie, la fronti\u00e8re devient de plus en plus fragile.<\/p>\n\n\n\n<h3 class=\"wp-block-heading\">Pourquoi la conscription ravive-t-elle les tensions \u00e0 J\u00e9rusalem?<\/h3>\n\n\n\n<p>Le d\u00e9bat sur le service militaire des ultra-orthodoxes n\u2019est pas nouveau, mais \u00e0 chaque retour, il rencontre une r\u00e9alit\u00e9 plus explosive. Pour beaucoup dans les milieux la\u00efcs et religieux sionistes, le service militaire est un devoir civique fondamental. Pour les groupes ultra-orthodoxes les plus radicaux, l\u2019exigence de conscription est per\u00e7ue comme une atteinte \u00e0 l\u2019identit\u00e9 et \u00e0 la tradition. J\u00e9rusalem, o\u00f9 ces communaut\u00e9s coexistent, devient naturellement un point de friction.<\/p>\n\n\n\n<h3 class=\"wp-block-heading\">Que s\u2019est-il pass\u00e9 lors de l\u2019agression \u00e0 Beit Shemesh?<\/h3>\n\n\n\n<p>Selon la police, l\u2019enqu\u00eate a d\u00e9but\u00e9 apr\u00e8s un signalement re\u00e7u dans la nuit de vendredi concernant une agression impliquant plusieurs suspects. La victime, un soldat en uniforme, a subi des blessures au visage et a n\u00e9cessit\u00e9 des soins m\u00e9dicaux. En quelques heures, les forces du district de J\u00e9rusalem, avec des unit\u00e9s sp\u00e9ciales et la police des fronti\u00e8res, ont identifi\u00e9 et arr\u00eat\u00e9 trois suspects, r\u00e9sidents de Beit Shemesh. Ils ont \u00e9t\u00e9 plac\u00e9s en garde \u00e0 vue et doivent \u00eatre pr\u00e9sent\u00e9s devant un tribunal pour une demande de prolongation de d\u00e9tention.<\/p>\n\n\n\n<p>La police du district de J\u00e9rusalem a d\u00e9clar\u00e9: \u00ab D\u00e8s r\u00e9ception du signalement, nous avons ouvert une enqu\u00eate qui a permis d\u2019identifier et d\u2019arr\u00eater les suspects. Nous continuerons d\u2019agir avec fermet\u00e9 contre les auteurs de violences et toute personne portant atteinte \u00e0 l\u2019ordre public et \u00e0 la s\u00e9curit\u00e9 des citoyens \u00bb.<\/p>\n\n\n\n<h3 class=\"wp-block-heading\">Que se passe-t-il quand le d\u00e9bat public descend dans la rue?<\/h3>\n\n\n\n<p>De tels incidents ne sont pas isol\u00e9s. Ils s\u2019inscrivent dans une s\u00e9rie d\u2019affrontements, d\u2019insultes et parfois de violences physiques entre diff\u00e9rents groupes \u00e0 J\u00e9rusalem et dans ses environs. Le langage du \u00ab devoir \u00bb et des \u00ab droits \u00bb se transforme rapidement en sentiment de contrainte face \u00e0 la r\u00e9sistance, d\u2019identit\u00e9 face \u00e0 la menace. Dans ces moments, un uniforme devient un symbole, et une porte, une ligne de front.<\/p>\n\n\n\n<p>J\u00e9rusalem, qui parvient souvent \u00e0 contenir des complexit\u00e9s religieuses et culturelles profondes, peine parfois \u00e0 absorber ses fractures internes. Beit Shemesh, \u00e0 sa p\u00e9riph\u00e9rie, refl\u00e8te cette m\u00eame tension &#8211; un lieu o\u00f9 la proximit\u00e9 peut rapidement devenir explosive.<\/p>\n\n\n\n<blockquote class=\"twitter-tweet\" data-media-max-width=\"560\"><p lang=\"iw\" dir=\"rtl\">\u05de\u05e2\u05e6\u05e8 \u05d1\u05d1\u05d9\u05ea \u05e9\u05de\u05e9 <a href=\"https:\/\/t.co\/giM76aznxY\">pic.twitter.com\/giM76aznxY<\/a><\/p>&mdash; jerusalem online (@Jlmonline) <a href=\"https:\/\/twitter.com\/Jlmonline\/status\/2049032752465404163?ref_src=twsrc%5Etfw\">April 28, 2026<\/a><\/blockquote> <script async src=\"https:\/\/platform.twitter.com\/widgets.js\" charset=\"utf-8\"><\/script>\n","protected":false},"excerpt":{"rendered":"<p>Le coup frapp\u00e9 contre une porte ferm\u00e9e \u00e0 Beit Shemesh n\u2019est pas qu\u2019un acte de violence local. Il refl\u00e8te une tension croissante au sein de la soci\u00e9t\u00e9 isra\u00e9lienne, qui converge \u00e0 r\u00e9p\u00e9tition autour de J\u00e9rusalem et de la question du service militaire des ultra-orthodoxes. Cette fois, la victime \u00e9tait un soldat en uniforme, et les [&hellip;]<\/p>\n","protected":false},"author":5,"featured_media":180838,"comment_status":"closed","ping_status":"closed","sticky":false,"template":"","format":"standard","meta":{"_acf_changed":false,"_seopress_robots_primary_cat":"10633","_seopress_titles_title":"J\u00e9rusalem entre uniforme et chapeaux noirs: une agression r\u00e9v\u00e8le une fracture profonde","_seopress_titles_desc":"Vid\u00e9o: sur fond de d\u00e9bat sur la conscription \u00e0 J\u00e9rusalem, un soldat en uniforme a \u00e9t\u00e9 agress\u00e9 \u00e0 Beit Shemesh, illustrant un foss\u00e9 grandissant entre les communaut\u00e9s","_seopress_robots_index":"","footnotes":""},"categories":[68,62,184],"tags":[],"class_list":{"0":"post-180840","1":"post","2":"type-post","3":"status-publish","4":"format-standard","5":"has-post-thumbnail","7":"category-68","8":"category-breaking","9":"category-184"},"acf":{"subtitle":"Vid\u00e9o: sur fond de d\u00e9bat sur la conscription \u00e0 J\u00e9rusalem, un soldat en uniforme a \u00e9t\u00e9 agress\u00e9 \u00e0 Beit Shemesh, illustrant un foss\u00e9 grandissant entre les communaut\u00e9s"},"_links":{"self":[{"href":"https:\/\/jerusalem-online.co.il\/fr\/wp-json\/wp\/v2\/posts\/180840","targetHints":{"allow":["GET"]}}],"collection":[{"href":"https:\/\/jerusalem-online.co.il\/fr\/wp-json\/wp\/v2\/posts"}],"about":[{"href":"https:\/\/jerusalem-online.co.il\/fr\/wp-json\/wp\/v2\/types\/post"}],"author":[{"embeddable":true,"href":"https:\/\/jerusalem-online.co.il\/fr\/wp-json\/wp\/v2\/users\/5"}],"replies":[{"embeddable":true,"href":"https:\/\/jerusalem-online.co.il\/fr\/wp-json\/wp\/v2\/comments?post=180840"}],"version-history":[{"count":1,"href":"https:\/\/jerusalem-online.co.il\/fr\/wp-json\/wp\/v2\/posts\/180840\/revisions"}],"predecessor-version":[{"id":180842,"href":"https:\/\/jerusalem-online.co.il\/fr\/wp-json\/wp\/v2\/posts\/180840\/revisions\/180842"}],"wp:featuredmedia":[{"embeddable":true,"href":"https:\/\/jerusalem-online.co.il\/fr\/wp-json\/wp\/v2\/media\/180838"}],"wp:attachment":[{"href":"https:\/\/jerusalem-online.co.il\/fr\/wp-json\/wp\/v2\/media?parent=180840"}],"wp:term":[{"taxonomy":"category","embeddable":true,"href":"https:\/\/jerusalem-online.co.il\/fr\/wp-json\/wp\/v2\/categories?post=180840"},{"taxonomy":"post_tag","embeddable":true,"href":"https:\/\/jerusalem-online.co.il\/fr\/wp-json\/wp\/v2\/tags?post=180840"}],"curies":[{"name":"wp","href":"https:\/\/api.w.org\/{rel}","templated":true}]}}