{"id":180864,"date":"2026-04-30T17:08:00","date_gmt":"2026-04-30T14:08:00","guid":{"rendered":"https:\/\/jerusalem-online.co.il\/?p=180864"},"modified":"2026-04-28T16:32:38","modified_gmt":"2026-04-28T13:32:38","slug":"journee-de-jerusalem-2026-sous-tension-un-precedent-explosif-sur-le-mont-du-temple","status":"publish","type":"post","link":"https:\/\/jerusalem-online.co.il\/fr\/journee-de-jerusalem-2026-sous-tension-un-precedent-explosif-sur-le-mont-du-temple\/","title":{"rendered":"Journ\u00e9e de J\u00e9rusalem 2026 sous tension : un pr\u00e9c\u00e9dent explosif sur le mont du Temple ?"},"content":{"rendered":"\n<p>La Journ\u00e9e de J\u00e9rusalem, c\u00e9l\u00e9br\u00e9e chaque ann\u00e9e le 28 du mois d\u2019Iyar pour marquer la r\u00e9unification de la ville lors de la guerre des Six Jours, tombera cette ann\u00e9e le vendredi 15 mai 2026. Cette journ\u00e9e est d\u00e9j\u00e0 connue pour sa tension, notamment en raison de la marche des drapeaux qui traverse J\u00e9rusalem-Est et suscite la col\u00e8re des Palestiniens. Cette ann\u00e9e, une question suppl\u00e9mentaire se pose : les Juifs seront-ils autoris\u00e9s \u00e0 monter sur le mont du Temple en ce jour sensible ?<\/p>\n\n\n\n<p>Depuis 59 ans, depuis la r\u00e9unification de J\u00e9rusalem en 1967, les Juifs n\u2019ont jamais \u00e9t\u00e9 autoris\u00e9s \u00e0 monter sur le mont du Temple un vendredi &#8211; jour de pri\u00e8re musulmane particuli\u00e8rement fr\u00e9quent\u00e9. Cette ann\u00e9e marquera-t-elle une premi\u00e8re exception ?<\/p>\n\n\n\n<h3 class=\"wp-block-heading\">L\u2019interdiction de monter sur le mont du Temple le vendredi sera-t-elle lev\u00e9e ?<\/h3>\n\n\n\n<p>Des organisations du Temple, dont \u00ab Administration du mont du Temple \u00bb, \u00ab Beyadenu &#8211; pour le mont du Temple \u00bb, \u00ab Quartier g\u00e9n\u00e9ral des organisations du Temple \u00bb, \u00ab Retour au mont \u00bb et \u00ab Femmes pour le Temple \u00bb, ont r\u00e9cemment lanc\u00e9 une campagne sous le slogan : \u00ab Le jour de J\u00e9rusalem, le mont du Temple n\u2019est pas ferm\u00e9 aux Juifs \u00bb.<\/p>\n\n\n\n<p>Selon ces organisations, il est inacceptable que les Juifs soient emp\u00each\u00e9s d\u2019acc\u00e9der au mont du Temple \u05d3\u05d5\u05d5\u05e7\u05d0 lors de la Journ\u00e9e de J\u00e9rusalem. Selon elles, ce jour devrait \u00eatre un jour d\u2019ouverture et non de fermeture. \u00ab Il est inconcevable que, le jour marquant la lib\u00e9ration du mont du Temple en 1967, les Juifs soient totalement priv\u00e9s d\u2019acc\u00e8s \u00e0 leur lieu le plus sacr\u00e9 \u00bb, affirment-elles. \u00c0 tout le moins, elles proposent d\u2019ouvrir le site la veille de la Journ\u00e9e de J\u00e9rusalem (jeudi soir, 14 mai 2026), entre 22h00 et 2h00, comme alternative \u00e0 la fermeture du vendredi matin.<\/p>\n\n\n\n<p>Une campagne de signatures a \u00e9galement \u00e9t\u00e9 lanc\u00e9e, recueillant jusqu\u2019\u00e0 pr\u00e9sent des centaines de soutiens. Tom Nissani, directeur g\u00e9n\u00e9ral de \u00ab Beyadenu \u00bb, a adress\u00e9 une lettre officielle au commandant de la police du district de J\u00e9rusalem, Avshalom Peled, ainsi qu\u2019au ministre de la S\u00e9curit\u00e9 nationale, Itamar Ben Gvir, demandant une pr\u00e9paration op\u00e9rationnelle sp\u00e9ciale pour permettre l\u2019acc\u00e8s malgr\u00e9 la sensibilit\u00e9 s\u00e9curitaire.<\/p>\n\n\n\n<p>Le ministre de la S\u00e9curit\u00e9 nationale lui-m\u00eame a d\u00e9clar\u00e9 qu\u2019il travaillait avec les autorit\u00e9s charg\u00e9es de l\u2019application de la loi afin de \u00ab maximiser la libert\u00e9 de culte et l\u2019acc\u00e8s pour les Juifs lors de leur f\u00eate \u00bb. Il a demand\u00e9 au chef de la police d\u2019examiner la possibilit\u00e9 d\u2019une ouverture exceptionnelle le vendredi matin ou, au moins, la nuit pr\u00e9c\u00e9dente.<\/p>\n\n\n\n<p>Plusieurs membres de la Knesset sont \u00e9galement impliqu\u00e9s, dont Amit Halevi, Ariel Kallner et Dan Illouz (Likoud), ainsi que Zvi Sukkot (Sionisme religieux). Le d\u00e9put\u00e9 Halevi a officiellement saisi le pr\u00e9sident de la commission des Affaires \u00e9trang\u00e8res et de la D\u00e9fense pour exiger un d\u00e9bat urgent. Il a \u00e9galement interpell\u00e9 le ministre de la S\u00e9curit\u00e9 nationale et le chef de la police, affirmant que \u00ab le statu quo n\u2019est pas plus sacr\u00e9 que la Loi fondamentale : J\u00e9rusalem \u00bb, et que la fermeture du site le jour de sa lib\u00e9ration constitue une capitulation face aux menaces de violence.<\/p>\n\n\n\n<h3 class=\"wp-block-heading\">Comment les Palestiniens se pr\u00e9parent-ils et que faut-il attendre \u00e0 la mosqu\u00e9e Al-Aqsa lors de la Journ\u00e9e de J\u00e9rusalem ?<\/h3>\n\n\n\n<p>De leur c\u00f4t\u00e9, sur les r\u00e9seaux sociaux palestiniens, des appels \u00e0 une mobilisation massive pour d\u00e9fendre la mosqu\u00e9e Al-Aqsa circulent. Le public est invit\u00e9 \u00e0 venir en grand nombre d\u00e8s la pri\u00e8re de l\u2019aube, appel\u00e9e \u00ab l\u2019aube grandiose \u00bb. Les fid\u00e8les sont \u00e9galement encourag\u00e9s \u00e0 rester dans l\u2019enceinte apr\u00e8s la pri\u00e8re et \u00e0 compliquer l\u2019acc\u00e8s aux visiteurs juifs.<\/p>\n\n\n\n<p>Il convient de noter que \u05de\u05d0\u05d6 le cessez-le-feu avec l\u2019Iran et la lev\u00e9e des restrictions du Commandement du front int\u00e9rieur sur les rassemblements, des milliers de fid\u00e8les se rendent chaque vendredi \u00e0 la pri\u00e8re de l\u2019aube \u00e0 Al-Aqsa, et environ 70 000 participent \u00e0 la pri\u00e8re de midi.<\/p>\n","protected":false},"excerpt":{"rendered":"<p>La Journ\u00e9e de J\u00e9rusalem, c\u00e9l\u00e9br\u00e9e chaque ann\u00e9e le 28 du mois d\u2019Iyar pour marquer la r\u00e9unification de la ville lors de la guerre des Six Jours, tombera cette ann\u00e9e le vendredi 15 mai 2026. Cette journ\u00e9e est d\u00e9j\u00e0 connue pour sa tension, notamment en raison de la marche des drapeaux qui traverse J\u00e9rusalem-Est et suscite [&hellip;]<\/p>\n","protected":false},"author":24,"featured_media":180865,"comment_status":"closed","ping_status":"closed","sticky":false,"template":"","format":"standard","meta":{"_acf_changed":false,"_seopress_robots_primary_cat":"10634","_seopress_titles_title":"Journ\u00e9e de J\u00e9rusalem 2026 sous tension : un pr\u00e9c\u00e9dent explosif sur le mont du Temple ?","_seopress_titles_desc":"Journ\u00e9e de J\u00e9rusalem 2026 : les Juifs seront-ils autoris\u00e9s \u00e0 monter sur le mont du Temple un vendredi pour la premi\u00e8re fois depuis 1967 ?","_seopress_robots_index":"","footnotes":""},"categories":[10634,10630,10642],"tags":[],"class_list":{"0":"post-180864","1":"post","2":"type-post","3":"status-publish","4":"format-standard","5":"has-post-thumbnail","7":"category-actualites-de-jerusalem","8":"category-article-principal","9":"category-breves"},"acf":{"subtitle":"Journ\u00e9e de J\u00e9rusalem 2026 : les Juifs seront-ils autoris\u00e9s \u00e0 monter sur le mont du Temple un vendredi pour la premi\u00e8re fois depuis 1967 ?"},"_links":{"self":[{"href":"https:\/\/jerusalem-online.co.il\/fr\/wp-json\/wp\/v2\/posts\/180864","targetHints":{"allow":["GET"]}}],"collection":[{"href":"https:\/\/jerusalem-online.co.il\/fr\/wp-json\/wp\/v2\/posts"}],"about":[{"href":"https:\/\/jerusalem-online.co.il\/fr\/wp-json\/wp\/v2\/types\/post"}],"author":[{"embeddable":true,"href":"https:\/\/jerusalem-online.co.il\/fr\/wp-json\/wp\/v2\/users\/24"}],"replies":[{"embeddable":true,"href":"https:\/\/jerusalem-online.co.il\/fr\/wp-json\/wp\/v2\/comments?post=180864"}],"version-history":[{"count":1,"href":"https:\/\/jerusalem-online.co.il\/fr\/wp-json\/wp\/v2\/posts\/180864\/revisions"}],"predecessor-version":[{"id":180867,"href":"https:\/\/jerusalem-online.co.il\/fr\/wp-json\/wp\/v2\/posts\/180864\/revisions\/180867"}],"wp:featuredmedia":[{"embeddable":true,"href":"https:\/\/jerusalem-online.co.il\/fr\/wp-json\/wp\/v2\/media\/180865"}],"wp:attachment":[{"href":"https:\/\/jerusalem-online.co.il\/fr\/wp-json\/wp\/v2\/media?parent=180864"}],"wp:term":[{"taxonomy":"category","embeddable":true,"href":"https:\/\/jerusalem-online.co.il\/fr\/wp-json\/wp\/v2\/categories?post=180864"},{"taxonomy":"post_tag","embeddable":true,"href":"https:\/\/jerusalem-online.co.il\/fr\/wp-json\/wp\/v2\/tags?post=180864"}],"curies":[{"name":"wp","href":"https:\/\/api.w.org\/{rel}","templated":true}]}}