{"id":180895,"date":"2026-04-29T18:49:00","date_gmt":"2026-04-29T15:49:00","guid":{"rendered":"https:\/\/jerusalem-online.co.il\/?p=180895"},"modified":"2026-04-29T11:39:14","modified_gmt":"2026-04-29T08:39:14","slug":"jerusalem-sous-tension-une-religieuse-agressee-pres-du-tombeau-de-david","status":"publish","type":"post","link":"https:\/\/jerusalem-online.co.il\/fr\/jerusalem-sous-tension-une-religieuse-agressee-pres-du-tombeau-de-david\/","title":{"rendered":"J\u00e9rusalem sous tension: une religieuse agress\u00e9e pr\u00e8s du tombeau de David"},"content":{"rendered":"\n<p>Mardi apr\u00e8s-midi, pr\u00e8s du tombeau de David \u00e0 J\u00e9rusalem, une religieuse a \u00e9t\u00e9 agress\u00e9e dans un incident qui met en lumi\u00e8re la sensibilit\u00e9 des sites religieux de la ville. La police enqu\u00eate sur une agression pr\u00e9sum\u00e9e \u00e0 caract\u00e8re raciste.<\/p>\n\n\n\n<p>\u00c0 la suite du signalement, les policiers du secteur David du district de J\u00e9rusalem ont lanc\u00e9 des recherches \u00e9tendues et une enqu\u00eate cibl\u00e9e, tout en collectant des preuves sur place. Des moyens technologiques avanc\u00e9s ont \u00e9t\u00e9 utilis\u00e9s, permettant d\u2019identifier rapidement le suspect.<\/p>\n\n\n\n<h3 class=\"wp-block-heading\">Comment le suspect de l\u2019agression de la religieuse \u00e0 J\u00e9rusalem a-t-il \u00e9t\u00e9 localis\u00e9?<\/h3>\n\n\n\n<p>L\u2019enqu\u00eate a progress\u00e9 rapidement gr\u00e2ce \u00e0 l\u2019utilisation de technologies et \u00e0 la collecte de preuves sur le terrain. En peu de temps, les enqu\u00eateurs ont identifi\u00e9 le suspect, un homme de 36 ans, qui a \u00e9t\u00e9 arr\u00eat\u00e9.<\/p>\n\n\n\n<p>Le suspect a \u00e9t\u00e9 plac\u00e9 en garde \u00e0 vue pour agression \u00e0 caract\u00e8re raciste. La police doit demander au tribunal de paix de J\u00e9rusalem de prolonger sa d\u00e9tention.<\/p>\n\n\n\n<h3 class=\"wp-block-heading\">Que signifie une agression \u00e0 caract\u00e8re raciste dans une ville comme J\u00e9rusalem?<\/h3>\n\n\n\n<p>Dans une ville o\u00f9 coexistent des sites sacr\u00e9s de trois religions, de tels incidents prennent une dimension plus large. Une attaque contre une figure religieuse est per\u00e7ue non seulement comme une violence envers une personne, mais aussi comme une atteinte au tissu d\u00e9licat de la vie \u00e0 J\u00e9rusalem.<\/p>\n\n\n\n<p>La police du district de J\u00e9rusalem a d\u00e9clar\u00e9: \u00abLa police isra\u00e9lienne consid\u00e8re avec la plus grande gravit\u00e9 tout acte de violence, en particulier lorsqu\u2019il est motiv\u00e9 par le racisme et dirig\u00e9 contre des figures religieuses. Elle continuera d\u2019agir avec fermet\u00e9 et une tol\u00e9rance z\u00e9ro afin de pr\u00e9server la s\u00e9curit\u00e9 de toutes les communaut\u00e9s et religions \u00e0 J\u00e9rusalem.\u00bb<\/p>\n\n\n\n<blockquote class=\"twitter-tweet\" data-media-max-width=\"560\"><p lang=\"iw\" dir=\"rtl\">\u05de\u05e2\u05e6\u05e8 \u05e2\u05dc \u05ea\u05e7\u05d9\u05e4\u05d4 \u05de\u05de\u05e0\u05d9 \u05d2\u05d6\u05e2\u05e0\u05d9 \u05d1\u05d9\u05e8\u05d5\u05e9\u05dc\u05d9\u05dd <a href=\"https:\/\/t.co\/V9aYfxfXXD\">pic.twitter.com\/V9aYfxfXXD<\/a><\/p>&mdash; jerusalem online (@Jlmonline) <a href=\"https:\/\/twitter.com\/Jlmonline\/status\/2049400276411363565?ref_src=twsrc%5Etfw\">April 29, 2026<\/a><\/blockquote> <script async src=\"https:\/\/platform.twitter.com\/widgets.js\" charset=\"utf-8\"><\/script>\n","protected":false},"excerpt":{"rendered":"<p>Mardi apr\u00e8s-midi, pr\u00e8s du tombeau de David \u00e0 J\u00e9rusalem, une religieuse a \u00e9t\u00e9 agress\u00e9e dans un incident qui met en lumi\u00e8re la sensibilit\u00e9 des sites religieux de la ville. La police enqu\u00eate sur une agression pr\u00e9sum\u00e9e \u00e0 caract\u00e8re raciste. \u00c0 la suite du signalement, les policiers du secteur David du district de J\u00e9rusalem ont lanc\u00e9 [&hellip;]<\/p>\n","protected":false},"author":11,"featured_media":180893,"comment_status":"closed","ping_status":"closed","sticky":false,"template":"","format":"standard","meta":{"_acf_changed":false,"_seopress_robots_primary_cat":"10633","_seopress_titles_title":"J\u00e9rusalem sous tension: une religieuse agress\u00e9e pr\u00e8s du tombeau de David","_seopress_titles_desc":"Agression \u00e0 caract\u00e8re raciste \u00e0 J\u00e9rusalem pr\u00e8s du mont Sion: vid\u00e9o, comment le suspect a \u00e9t\u00e9 arr\u00eat\u00e9","_seopress_robots_index":"","footnotes":""},"categories":[10704,10712,10628],"tags":[],"class_list":{"0":"post-180895","1":"post","2":"type-post","3":"status-publish","4":"format-standard","5":"has-post-thumbnail","7":"category-10704","8":"category-10712","9":"category-10628"},"acf":{"subtitle":"Agression \u00e0 caract\u00e8re raciste \u00e0 J\u00e9rusalem pr\u00e8s du mont Sion: vid\u00e9o, comment le suspect a \u00e9t\u00e9 arr\u00eat\u00e9"},"_links":{"self":[{"href":"https:\/\/jerusalem-online.co.il\/fr\/wp-json\/wp\/v2\/posts\/180895","targetHints":{"allow":["GET"]}}],"collection":[{"href":"https:\/\/jerusalem-online.co.il\/fr\/wp-json\/wp\/v2\/posts"}],"about":[{"href":"https:\/\/jerusalem-online.co.il\/fr\/wp-json\/wp\/v2\/types\/post"}],"author":[{"embeddable":true,"href":"https:\/\/jerusalem-online.co.il\/fr\/wp-json\/wp\/v2\/users\/11"}],"replies":[{"embeddable":true,"href":"https:\/\/jerusalem-online.co.il\/fr\/wp-json\/wp\/v2\/comments?post=180895"}],"version-history":[{"count":1,"href":"https:\/\/jerusalem-online.co.il\/fr\/wp-json\/wp\/v2\/posts\/180895\/revisions"}],"predecessor-version":[{"id":180897,"href":"https:\/\/jerusalem-online.co.il\/fr\/wp-json\/wp\/v2\/posts\/180895\/revisions\/180897"}],"wp:featuredmedia":[{"embeddable":true,"href":"https:\/\/jerusalem-online.co.il\/fr\/wp-json\/wp\/v2\/media\/180893"}],"wp:attachment":[{"href":"https:\/\/jerusalem-online.co.il\/fr\/wp-json\/wp\/v2\/media?parent=180895"}],"wp:term":[{"taxonomy":"category","embeddable":true,"href":"https:\/\/jerusalem-online.co.il\/fr\/wp-json\/wp\/v2\/categories?post=180895"},{"taxonomy":"post_tag","embeddable":true,"href":"https:\/\/jerusalem-online.co.il\/fr\/wp-json\/wp\/v2\/tags?post=180895"}],"curies":[{"name":"wp","href":"https:\/\/api.w.org\/{rel}","templated":true}]}}