{"id":180950,"date":"2026-05-01T22:05:00","date_gmt":"2026-05-01T19:05:00","guid":{"rendered":"https:\/\/jerusalem-online.co.il\/?p=180950"},"modified":"2026-04-30T21:23:15","modified_gmt":"2026-04-30T18:23:15","slug":"attaque-dune-religieuse-a-jerusalem-vague-de-condamnations","status":"publish","type":"post","link":"https:\/\/jerusalem-online.co.il\/fr\/attaque-dune-religieuse-a-jerusalem-vague-de-condamnations\/","title":{"rendered":"Attaque d\u2019une religieuse \u00e0 J\u00e9rusalem : vague de condamnations"},"content":{"rendered":"\n<p>L\u2019agression d\u2019une religieuse, apparemment \u00e0 caract\u00e8re raciste, survenue mardi 28 avril 2026, peu apr\u00e8s son passage pr\u00e8s du tombeau du roi David dans la vieille ville de J\u00e9rusalem, continue de susciter une vive \u00e9motion et une s\u00e9rie de condamnations. Aux yeux du monde chr\u00e9tien, cet incident n\u2019est pas per\u00e7u comme un fait divers isol\u00e9, mais comme le reflet de tensions religieuses et politiques croissantes \u00e0 J\u00e9rusalem en cette p\u00e9riode.<\/p>\n\n\n\n<p>Le lieu de l\u2019attaque est consid\u00e9r\u00e9 comme hautement symbolique &#8211; \u00e0 proximit\u00e9 de la salle de la C\u00e8ne (le C\u00e9nacle) sur le mont Sion, o\u00f9 J\u00e9sus prit son dernier repas avant d\u2019\u00eatre arr\u00eat\u00e9 par les soldats du pr\u00e9fet romain Ponce Pilate et conduit \u00e0 la crucifixion. La religieuse est \u00e9galement chercheuse \u00e0 l\u2019\u00c9cole biblique et arch\u00e9ologique fran\u00e7aise de J\u00e9rusalem, un \u00e9tablissement acad\u00e9mique fran\u00e7ais situ\u00e9 dans l\u2019enceinte du monast\u00e8re Saint-\u00c9tienne, sur la route de Naplouse \u00e0 J\u00e9rusalem.<\/p>\n\n\n\n<h3 class=\"wp-block-heading\">S\u2019agit-il d\u2019un incident isol\u00e9 ou d\u2019un signe de tensions croissantes contre les chr\u00e9tiens \u00e0 J\u00e9rusalem ?<\/h3>\n\n\n\n<p>Le p\u00e8re Olivier-Thomas Venard, directeur de l\u2019institution, a \u00e9t\u00e9 parmi les premiers \u00e0 signaler l\u2019incident, le qualifiant de \u00ab violence confessionnelle \u00bb et appelant les autorit\u00e9s \u00e0 agir fermement contre l\u2019agresseur. Sur son compte X, il a \u00e9galement publi\u00e9 une photo de la religieuse dans le cadre de ses recherches.<\/p>\n\n\n\n<blockquote class=\"twitter-tweet\" data-media-max-width=\"560\"><p lang=\"iw\" dir=\"rtl\">\u05ea\u05d9\u05e2\u05d5\u05d3 &#8211; \u05ea\u05e7\u05d9\u05e4\u05d4 \u05d4\u05e0\u05d6\u05d9\u05e8\u05d4 \u05d1\u05d0\u05d6\u05d5\u05e8 \u05e7\u05d1\u05e8 \u05d3\u05d5\u05d3 \u05d1\u05d9\u05e8\u05d5\u05e9\u05dc\u05d9\u05dd <a href=\"https:\/\/t.co\/sQzwUAQ1Yc\">pic.twitter.com\/sQzwUAQ1Yc<\/a><\/p>&mdash; jerusalem online (@Jlmonline) <a href=\"https:\/\/twitter.com\/Jlmonline\/status\/2049916470730031376?ref_src=twsrc%5Etfw\">April 30, 2026<\/a><\/blockquote> <script async src=\"https:\/\/platform.twitter.com\/widgets.js\" charset=\"utf-8\"><\/script> \n\n\n\n<p>Par ailleurs, le consulat de France \u00e0 J\u00e9rusalem a fermement condamn\u00e9 l\u2019agression contre la ressortissante fran\u00e7aise, lui souhaitant un prompt r\u00e9tablissement et exigeant que justice soit rendue. Le Vatican, par l\u2019interm\u00e9diaire de la nonciature apostolique en Isra\u00ebl, a publi\u00e9 un communiqu\u00e9 officiel affirmant que la violence contre les chr\u00e9tiens \u00e0 J\u00e9rusalem \u00ab a franchi une ligne rouge \u00bb. Le repr\u00e9sentant du Vatican a appel\u00e9 les autorit\u00e9s isra\u00e9liennes \u00e0 renforcer l\u2019application de la loi et \u00e0 engager des poursuites contre les incitateurs. Le patriarche latin de J\u00e9rusalem, Pierbattista Pizzaballa, s\u2019est exprim\u00e9 avec fermet\u00e9, estimant que le climat politique actuel accorde une \u00ab l\u00e9gitimit\u00e9 \u00e0 la discrimination et \u00e0 la violence \u00bb contre la communaut\u00e9 chr\u00e9tienne.<br><br><strong><a href=\"https:\/\/jerusalem-online.co.il\/fr\/jerusalem-sous-tension-une-religieuse-agressee-pres-du-tombeau-de-david\/\"><\/a><a href=\"https:\/\/jerusalem-online.co.il\/fr\/jerusalem-sous-tension-une-religieuse-agressee-pres-du-tombeau-de-david\/\">J\u00e9rusalem sous tension: une religieuse agress\u00e9e pr\u00e8s du tombeau de David<\/a><br><\/strong><br>En outre, le Conseil des patriarches et des chefs des \u00c9glises de J\u00e9rusalem a publi\u00e9 un rapport condamnant la s\u00e9rie d\u2019attaques r\u00e9centes, y compris l\u2019agression de la religieuse, qu\u2019il d\u00e9crit comme une tentative de saper la pr\u00e9sence chr\u00e9tienne dans la ville. La Custodie de Terre Sainte a \u00e9galement exprim\u00e9 une profonde inqui\u00e9tude quant \u00e0 la s\u00e9curit\u00e9 du clerg\u00e9 dans l\u2019espace public \u00e0 J\u00e9rusalem.<\/p>\n\n\n\n<h3 class=\"wp-block-heading\">Comment les institutions isra\u00e9liennes ont-elles r\u00e9agi \u00e0 l\u2019incident \u00e0 J\u00e9rusalem ?<\/h3>\n\n\n\n<p>En Isra\u00ebl, la Facult\u00e9 des sciences humaines de l\u2019Universit\u00e9 h\u00e9bra\u00efque s\u2019est jointe aux condamnations en publiant un communiqu\u00e9 officiel d\u00e9non\u00e7ant les extr\u00e9mistes responsables de l\u2019attaque. La facult\u00e9 a soulign\u00e9 que l\u2019\u00c9cole biblique fran\u00e7aise, o\u00f9 travaille la religieuse, est un \u00e9tablissement partenaire, et a d\u00e9crit l\u2019incident comme faisant partie d\u2019un \u00ab sch\u00e9ma pr\u00e9occupant d\u2019hostilit\u00e9 croissante \u00bb envers la communaut\u00e9 chr\u00e9tienne, portant atteinte aux valeurs pluralistes de J\u00e9rusalem.<\/p>\n\n\n\n<p>Face \u00e0 la r\u00e9action internationale, le minist\u00e8re isra\u00e9lien des Affaires \u00e9trang\u00e8res a \u00e9galement publi\u00e9 une condamnation ferme sur son compte X, qualifiant l\u2019attaque de \u00ab m\u00e9prisable \u00bb et soulignant qu\u2019elle n\u2019a pas sa place dans la soci\u00e9t\u00e9 isra\u00e9lienne. Le minist\u00e8re a exprim\u00e9 sa solidarit\u00e9 avec le patriarcat latin et s\u2019est engag\u00e9 \u00e0 pr\u00e9server la libert\u00e9 de culte pour toutes les religions.<\/p>\n","protected":false},"excerpt":{"rendered":"<p>L\u2019agression d\u2019une religieuse, apparemment \u00e0 caract\u00e8re raciste, survenue mardi 28 avril 2026, peu apr\u00e8s son passage pr\u00e8s du tombeau du roi David dans la vieille ville de J\u00e9rusalem, continue de susciter une vive \u00e9motion et une s\u00e9rie de condamnations. Aux yeux du monde chr\u00e9tien, cet incident n\u2019est pas per\u00e7u comme un fait divers isol\u00e9, mais [&hellip;]<\/p>\n","protected":false},"author":24,"featured_media":180948,"comment_status":"closed","ping_status":"closed","sticky":false,"template":"","format":"standard","meta":{"_acf_changed":false,"_seopress_robots_primary_cat":"10633","_seopress_titles_title":"Attaque d\u2019une religieuse \u00e0 J\u00e9rusalem : vague de condamnations","_seopress_titles_desc":"Critiques internationales apr\u00e8s l\u2019agression d\u2019une religieuse pr\u00e8s du tombeau du roi David \u00e0 J\u00e9rusalem la semaine derni\u00e8re","_seopress_robots_index":"","footnotes":""},"categories":[10630,10642,10633],"tags":[],"class_list":{"0":"post-180950","1":"post","2":"type-post","3":"status-publish","4":"format-standard","5":"has-post-thumbnail","7":"category-article-principal","8":"category-breves","9":"category-jerusalem-actualites-village-mondial"},"acf":{"subtitle":"Critiques internationales apr\u00e8s l\u2019agression d\u2019une religieuse pr\u00e8s du tombeau du roi David \u00e0 J\u00e9rusalem la semaine derni\u00e8re"},"_links":{"self":[{"href":"https:\/\/jerusalem-online.co.il\/fr\/wp-json\/wp\/v2\/posts\/180950","targetHints":{"allow":["GET"]}}],"collection":[{"href":"https:\/\/jerusalem-online.co.il\/fr\/wp-json\/wp\/v2\/posts"}],"about":[{"href":"https:\/\/jerusalem-online.co.il\/fr\/wp-json\/wp\/v2\/types\/post"}],"author":[{"embeddable":true,"href":"https:\/\/jerusalem-online.co.il\/fr\/wp-json\/wp\/v2\/users\/24"}],"replies":[{"embeddable":true,"href":"https:\/\/jerusalem-online.co.il\/fr\/wp-json\/wp\/v2\/comments?post=180950"}],"version-history":[{"count":3,"href":"https:\/\/jerusalem-online.co.il\/fr\/wp-json\/wp\/v2\/posts\/180950\/revisions"}],"predecessor-version":[{"id":180962,"href":"https:\/\/jerusalem-online.co.il\/fr\/wp-json\/wp\/v2\/posts\/180950\/revisions\/180962"}],"wp:featuredmedia":[{"embeddable":true,"href":"https:\/\/jerusalem-online.co.il\/fr\/wp-json\/wp\/v2\/media\/180948"}],"wp:attachment":[{"href":"https:\/\/jerusalem-online.co.il\/fr\/wp-json\/wp\/v2\/media?parent=180950"}],"wp:term":[{"taxonomy":"category","embeddable":true,"href":"https:\/\/jerusalem-online.co.il\/fr\/wp-json\/wp\/v2\/categories?post=180950"},{"taxonomy":"post_tag","embeddable":true,"href":"https:\/\/jerusalem-online.co.il\/fr\/wp-json\/wp\/v2\/tags?post=180950"}],"curies":[{"name":"wp","href":"https:\/\/api.w.org\/{rel}","templated":true}]}}