{"id":184898,"date":"2026-09-05T17:31:00","date_gmt":"2026-09-05T14:31:00","guid":{"rendered":"https:\/\/jerusalem-online.co.il\/?p=184898"},"modified":"2026-09-04T17:37:41","modified_gmt":"2026-09-04T14:37:41","slug":"les-stories-lui-ont-coute-cher-lactiviste-islamiste-interdite-de-jerusalem","status":"publish","type":"post","link":"https:\/\/jerusalem-online.co.il\/fr\/les-stories-lui-ont-coute-cher-lactiviste-islamiste-interdite-de-jerusalem\/","title":{"rendered":"Les stories lui ont co\u00fbt\u00e9 cher : l\u2019activiste islamiste interdite de J\u00e9rusalem"},"content":{"rendered":"\n<p class=\"wp-block-paragraph\">L\u2019activiste islamiste radicale (mourabita), Samah Mahamid, citoyenne isra\u00e9lienne, habitante d\u2019Umm al-Fahm, \u00e2g\u00e9e d\u2019environ 36 ans, a \u00e9t\u00e9 \u00e9loign\u00e9e de J\u00e9rusalem et de l\u2019esplanade du mont du Temple apr\u00e8s avoir \u00e9t\u00e9 arr\u00eat\u00e9e la semaine derni\u00e8re, soup\u00e7onn\u00e9e d\u2019infractions d\u2019incitation et de s\u00e9dition sur les r\u00e9seaux sociaux commises \u00e0 un moment particuli\u00e8rement sensible, plus t\u00f4t au cours de l\u2019ann\u00e9e \u00e9coul\u00e9e, en pleine tension s\u00e9curitaire et durant les combats intensifs face \u00e0 l\u2019Iran.<\/p>\n\n\n\n<p class=\"wp-block-paragraph\">L\u2019affaire a commenc\u00e9 lorsque des forces de police ont fait irruption au domicile de Mahamid \u00e0 Umm al-Fahm, \u00e0 l\u2019aube du 27.8.2026. La perquisition, au cours de laquelle son t\u00e9l\u00e9phone portable ainsi que diff\u00e9rents livres ont \u00e9t\u00e9 saisis, a \u00e9t\u00e9 men\u00e9e \u00e0 la suite d\u2019une surveillance cibl\u00e9e des publications qu\u2019elle avait mises en ligne sur les r\u00e9seaux sociaux.<br>Mahamid avait publi\u00e9 sur son compte Instagram deux contenus au format \u00ab story \u00bb, dans lesquels elle attaquait avec virulence la politique s\u00e9curitaire isra\u00e9lienne sur le mont du Temple pendant les jours de combats avec l\u2019Iran.<\/p>\n\n\n\n<p class=\"wp-block-paragraph\">Dans ses publications, elle exprimait une profonde tristesse face au fait que les esplanades de la mosqu\u00e9e Al-Aqsa \u00e9taient rest\u00e9es vides de fid\u00e8les durant ces jours et ces semaines, tout en accusant les autorit\u00e9s d\u2019avoir profit\u00e9 de la p\u00e9riode de guerre avec l\u2019Iran pour imposer des restrictions, fermer les portes et vider d\u00e9lib\u00e9r\u00e9ment le complexe de ses fid\u00e8les musulmans, en niant qu\u2019il s\u2019agissait de directives s\u00e9curitaires g\u00e9n\u00e9rales interdisant les rassemblements de masse en raison des tirs de missiles en provenance d\u2019Iran.<\/p>\n\n\n\n<p class=\"wp-block-paragraph\">Les services de s\u00e9curit\u00e9 isra\u00e9liens ont interpr\u00e9t\u00e9 ces publications comme une tentative manifeste de provoquer une agitation religieuse et une forte tension politique au sein de la population arabe, pr\u00e9cis\u00e9ment au moment o\u00f9 Isra\u00ebl faisait face \u00e0 plusieurs fronts militaires complexes.<\/p>\n\n\n\n<p class=\"wp-block-paragraph\">Mahamid a \u00e9t\u00e9 transf\u00e9r\u00e9e pour interrogatoire au commissariat de police du \u00ab Kishle \u00bb, qui sert de quartier g\u00e9n\u00e9ral \u00e0 la zone David du district de J\u00e9rusalem et qui est responsable du secteur de la Vieille Ville. Sa d\u00e9tention a ensuite \u00e9t\u00e9 prolong\u00e9e de sept jours. \u00c0 l\u2019issue de cette p\u00e9riode, Mahamid a \u00e9t\u00e9 pr\u00e9sent\u00e9e devant le tribunal de premi\u00e8re instance de J\u00e9rusalem, qui a d\u00e9cid\u00e9 de la remettre en libert\u00e9 sous de strictes restrictions destin\u00e9es \u00e0 l\u2019emp\u00eacher de poursuivre ses activit\u00e9s extr\u00e9mistes : elle a \u00e9t\u00e9 interdite d\u2019acc\u00e8s \u00e0 l\u2019ensemble de la ville de J\u00e9rusalem pendant 90 jours, plac\u00e9e en assignation \u00e0 r\u00e9sidence compl\u00e8te pendant cinq jours et totalement interdite d\u2019utilisation des r\u00e9seaux sociaux et d\u2019Internet.<\/p>\n\n\n\n<h3 class=\"wp-block-heading\">Qu\u2019\u00e9tait l\u2019organisation des Mourabitat qui op\u00e9rait sur le mont du Temple \u00e0 J\u00e9rusalem ?<\/h3>\n\n\n\n<p class=\"wp-block-paragraph\">Mahamid est bien connue des services de s\u00e9curit\u00e9 isra\u00e9liens comme une membre importante de l\u2019organisation des \u00ab Mourabitat \u00bb. Il s\u2019agissait de groupes de femmes islamistes qui ont op\u00e9r\u00e9 pendant des ann\u00e9es sur l\u2019esplanade du mont du Temple \u00e0 J\u00e9rusalem, dans le but d\u2019y \u00e9tablir une pr\u00e9sence musulmane permanente, de se confronter aux forces de police et de perturber, par des cris et des actes de violence, les visites de Juifs et de touristes sur le site.<\/p>\n\n\n\n<p class=\"wp-block-paragraph\">Les militants de l\u2019organisation ont fonctionn\u00e9 comme l\u2019un des principaux bras d\u2019agitation de la branche nord du Mouvement islamique, raison pour laquelle ils ont \u00e9t\u00e9 d\u00e9clar\u00e9s en 2015 association ill\u00e9gale et organisation terroriste hors la loi. En raison de cette activit\u00e9, Mahamid a fait l\u2019objet au fil des ann\u00e9es d\u2019une longue s\u00e9rie d\u2019ordres administratifs, d\u2019arrestations sur place et d\u2019interdictions r\u00e9p\u00e9t\u00e9es d\u2019acc\u00e8s \u00e0 la Vieille Ville de J\u00e9rusalem.<\/p>\n","protected":false},"excerpt":{"rendered":"<p>L\u2019activiste islamiste radicale (mourabita), Samah Mahamid, citoyenne isra\u00e9lienne, habitante d\u2019Umm al-Fahm, \u00e2g\u00e9e d\u2019environ 36 ans, a \u00e9t\u00e9 \u00e9loign\u00e9e de J\u00e9rusalem et de l\u2019esplanade du mont du Temple apr\u00e8s avoir \u00e9t\u00e9 arr\u00eat\u00e9e la semaine derni\u00e8re, soup\u00e7onn\u00e9e d\u2019infractions d\u2019incitation et de s\u00e9dition sur les r\u00e9seaux sociaux commises \u00e0 un moment particuli\u00e8rement sensible, plus t\u00f4t au cours de [&hellip;]<\/p>\n","protected":false},"author":24,"featured_media":184896,"comment_status":"closed","ping_status":"closed","sticky":false,"template":"","format":"standard","meta":{"_acf_changed":false,"_seopress_titles_title":"","_seopress_titles_desc":"","_seopress_robots_index":"","_seopress_robots_follow":"","_seopress_robots_imageindex":"","_seopress_robots_snippet":"","_seopress_robots_primary_cat":"10633","_seopress_robots_breadcrumbs":"","_seopress_robots_freeze_modified_date":"","_seopress_robots_custom_modified_date":"","_seopress_robots_canonical":"","_seopress_social_fb_title":"","_seopress_social_fb_desc":"","_seopress_social_fb_img":"","_seopress_social_fb_img_attachment_id":0,"_seopress_social_fb_img_width":0,"_seopress_social_fb_img_height":0,"_seopress_social_twitter_title":"","_seopress_social_twitter_desc":"","_seopress_social_twitter_img":"","_seopress_social_twitter_img_attachment_id":0,"_seopress_social_twitter_img_width":0,"_seopress_social_twitter_img_height":0,"_seopress_redirections_value":"","_seopress_redirections_enabled":"","_seopress_redirections_enabled_regex":"","_seopress_redirections_logged_status":"","_seopress_redirections_param":"","_seopress_redirections_type":0,"_seopress_analysis_target_kw":"","_seopress_news_disabled":"","_seopress_video_disabled":"","_seopress_video":[],"_seopress_pro_schemas_manual":[],"_seopress_pro_rich_snippets_disable_all":"","_seopress_pro_rich_snippets_disable":[],"_seopress_pro_schemas":[],"footnotes":""},"categories":[68,62,184],"tags":[],"class_list":["post-184898","post","type-post","status-publish","format-standard","has-post-thumbnail","category-68","category-breaking","category-184"],"acf":{"subtitle":"Samah Mahamid, associ\u00e9e aux Mourabitat, a \u00e9t\u00e9 arr\u00eat\u00e9e \u00e0 la suite de publications pr\u00e9sum\u00e9es incitatrices sur Instagram pendant la guerre avec l\u2019Iran, et un tribunal de J\u00e9rusalem lui a interdit l\u2019acc\u00e8s \u00e0 la ville pendant 90 jours"},"_links":{"self":[{"href":"https:\/\/jerusalem-online.co.il\/fr\/wp-json\/wp\/v2\/posts\/184898","targetHints":{"allow":["GET"]}}],"collection":[{"href":"https:\/\/jerusalem-online.co.il\/fr\/wp-json\/wp\/v2\/posts"}],"about":[{"href":"https:\/\/jerusalem-online.co.il\/fr\/wp-json\/wp\/v2\/types\/post"}],"author":[{"embeddable":true,"href":"https:\/\/jerusalem-online.co.il\/fr\/wp-json\/wp\/v2\/users\/24"}],"replies":[{"embeddable":true,"href":"https:\/\/jerusalem-online.co.il\/fr\/wp-json\/wp\/v2\/comments?post=184898"}],"version-history":[{"count":1,"href":"https:\/\/jerusalem-online.co.il\/fr\/wp-json\/wp\/v2\/posts\/184898\/revisions"}],"predecessor-version":[{"id":184924,"href":"https:\/\/jerusalem-online.co.il\/fr\/wp-json\/wp\/v2\/posts\/184898\/revisions\/184924"}],"wp:featuredmedia":[{"embeddable":true,"href":"https:\/\/jerusalem-online.co.il\/fr\/wp-json\/wp\/v2\/media\/184896"}],"wp:attachment":[{"href":"https:\/\/jerusalem-online.co.il\/fr\/wp-json\/wp\/v2\/media?parent=184898"}],"wp:term":[{"taxonomy":"category","embeddable":true,"href":"https:\/\/jerusalem-online.co.il\/fr\/wp-json\/wp\/v2\/categories?post=184898"},{"taxonomy":"post_tag","embeddable":true,"href":"https:\/\/jerusalem-online.co.il\/fr\/wp-json\/wp\/v2\/tags?post=184898"}],"curies":[{"name":"wp","href":"https:\/\/api.w.org\/{rel}","templated":true}]}}